{"id":1632,"date":"2014-08-11T05:49:13","date_gmt":"2014-08-11T05:49:13","guid":{"rendered":"https:\/\/codexflores.ch\/index.php\/2014\/08\/11\/noch-ein-ring-in-erl-2015\/"},"modified":"2014-08-11T05:49:13","modified_gmt":"2014-08-11T05:49:13","slug":"noch-ein-ring-in-erl-2015","status":"publish","type":"post","link":"https:\/\/codexflores.ch\/index.php\/2014\/08\/11\/noch-ein-ring-in-erl-2015\/","title":{"rendered":"Noch ein Ring in Erl 2015"},"content":{"rendered":"<p><span style=\"font-family: arial,helvetica,sans-serif; font-size: small;\">11.08.2014 &#8212; Die Nachfrage nach Wagners <em>Ring<\/em> im tirolerischen Erl 2015 ist so gross, dass er einmal zus\u00e4tzlich realisiert wird. Der Vorverkauf f\u00fcr die Zusatzunde wird diese Woche er\u00f6ffnet.<\/span><\/p>\n<p>\u00a0<\/p>\n<p><span style=\"font-family: arial,helvetica,sans-serif; font-size: small;\"><strong>11.08.2014 &#8212; Die Nachfrage nach Wagners <em>Ring<\/em> im tirolerischen Erl 2015 ist so gross, dass er einmal zus\u00e4tzlich realisiert wird. Der Vorverkauf f\u00fcr die Zusatzunde wird diese Woche er\u00f6ffnet.<\/strong><\/span><\/p>\n<p><span style=\"font-family: arial,helvetica,sans-serif; font-size: small;\">\u00a0<\/span><\/p>\n<p><span style=\"font-family: arial,helvetica,sans-serif; font-size: small;\">Mit der Inszenierung des <em>Lohengrin<\/em> hat Gustav Kuhn im Juli 2012 seinen Zyklus der zehn grossen Wagneropern in eigener Regie im Erler Passionsspielhaus abgeschlossen. Diesen Sommer ist eine \u00fcberarbeitete Fassung des 24-Stunden-Rings realisiert worden, den Gesamtzyklus aller zehn grossen Wagneropern wird Gustav Kuhn voraussichtlich im Sommer 2015 im Passionsspielhaus innerhalb nur einer Festspielsaison dirigieren.<\/span><\/p>\n<p><span style=\"font-family: arial,helvetica,sans-serif; font-size: small;\">\u00a0<\/span><\/p>\n<p><span style=\"font-family: arial,helvetica,sans-serif; font-size: small;\"> Der erste Ring-des-Nibelungen-Zyklus wird 2015 von 23. bis 26. Juli gespielt, der zweite, neu angesetzte von 30. Juli bis 2. August. Der Vorverkauf zu den zus\u00e4tzlichen Vorstellungen \u00f6ffnet diese Woche. <em>(cf)<\/em><\/span><\/p>\n","protected":false},"excerpt":{"rendered":"<p><span style=\"font-family: arial,helvetica,sans-serif; font-size: small;\">11.08.2014 &#8212; Die Nachfrage nach Wagners <em>Ring<\/em> im tirolerischen Erl 2015 ist so gross, dass er einmal zus\u00e4tzlich realisiert wird. Der Vorverkauf f\u00fcr die Zusatzunde wird diese Woche er\u00f6ffnet.<\/span><\/p>\n","protected":false},"author":1,"featured_media":0,"comment_status":"open","ping_status":"open","sticky":false,"template":"","format":"standard","meta":{"footnotes":""},"categories":[2],"tags":[],"class_list":["post-1632","post","type-post","status-publish","format-standard","hentry","category-nachrichten","entry"],"_links":{"self":[{"href":"https:\/\/codexflores.ch\/index.php\/wp-json\/wp\/v2\/posts\/1632","targetHints":{"allow":["GET"]}}],"collection":[{"href":"https:\/\/codexflores.ch\/index.php\/wp-json\/wp\/v2\/posts"}],"about":[{"href":"https:\/\/codexflores.ch\/index.php\/wp-json\/wp\/v2\/types\/post"}],"author":[{"embeddable":true,"href":"https:\/\/codexflores.ch\/index.php\/wp-json\/wp\/v2\/users\/1"}],"replies":[{"embeddable":true,"href":"https:\/\/codexflores.ch\/index.php\/wp-json\/wp\/v2\/comments?post=1632"}],"version-history":[{"count":0,"href":"https:\/\/codexflores.ch\/index.php\/wp-json\/wp\/v2\/posts\/1632\/revisions"}],"wp:attachment":[{"href":"https:\/\/codexflores.ch\/index.php\/wp-json\/wp\/v2\/media?parent=1632"}],"wp:term":[{"taxonomy":"category","embeddable":true,"href":"https:\/\/codexflores.ch\/index.php\/wp-json\/wp\/v2\/categories?post=1632"},{"taxonomy":"post_tag","embeddable":true,"href":"https:\/\/codexflores.ch\/index.php\/wp-json\/wp\/v2\/tags?post=1632"}],"curies":[{"name":"wp","href":"https:\/\/api.w.org\/{rel}","templated":true}]}}