{"id":1637,"date":"2014-08-12T10:45:51","date_gmt":"2014-08-12T10:45:51","guid":{"rendered":"https:\/\/codexflores.ch\/index.php\/2014\/08\/12\/elisabeth-kulman-muss-auftritte-absagen\/"},"modified":"2014-08-12T10:45:51","modified_gmt":"2014-08-12T10:45:51","slug":"elisabeth-kulman-muss-auftritte-absagen","status":"publish","type":"post","link":"https:\/\/codexflores.ch\/index.php\/2014\/08\/12\/elisabeth-kulman-muss-auftritte-absagen\/","title":{"rendered":"Elisabeth Kulman muss Auftritte absagen"},"content":{"rendered":"<p><span class=\"text\" style=\"font-family: arial,helvetica,sans-serif; font-size: small;\">12.08.2014 &#8212; \u00abAufgrund eines Ersch\u00f6pfungszustandes\u00bb werde Elisabeth Kulman in den kommenden Wochen keinen Konzertverpflichtungen nachkommen k\u00f6nnen, schreibt die Schubertiade Schwarzenberg.<\/span><\/p>\n<p><strong><span class=\"text\" style=\"font-family: arial,helvetica,sans-serif; font-size: small;\">12.08.2014 &#8212; \u00abAufgrund eines Ersch\u00f6pfungszustandes\u00bb werde Elisabeth Kulman in den kommenden Wochen keinen Konzertverpflichtungen nachkommen k\u00f6nnen, schreibt die Schubertiade Schwarzenberg.<\/span><\/strong><\/p>\n<p><span class=\"text\" style=\"font-family: arial,helvetica,sans-serif; font-size: small;\">\u00a0<\/span><\/p>\n<p><span class=\"text\" style=\"font-family: arial,helvetica,sans-serif; font-size: small;\"><span class=\"text\">Im Rahmen der Schubertiade \u00fcbernehmen Mauro Peter und Helmut Deutsch kurzfristig das urspr\u00fcnglich geplante Konzert mit der Mezzosopranistin, mit ge\u00e4ndertem Programm.<\/span><\/span><\/p>\n<p><span class=\"text\" style=\"font-family: arial,helvetica,sans-serif; font-size: small;\"><span class=\"text\">\u00a0<\/span><\/span><\/p>\n<p><span class=\"text\" style=\"font-family: arial,helvetica,sans-serif; font-size: small;\"><span class=\"text\">Die Ersch\u00f6pfiung hat <span class=\"text\">Elisabeth Kulman<\/span> allerdings bereits Anfang Juli kommuniziert. Gemeinsam mit ihren \u00c4rzten und ihrem Management habe sie sich <span class=\"text\">\u00ab<\/span>schweren Herzens und mit grossem Bedauern f\u00fcr die Veranstalter und Fans zur Absage durchgerungen<span class=\"text\">\u00bb<\/span>. Mit ihrem Engagement als leidenschaftliche S\u00e4ngerin und <span class=\"text\">\u00ab<\/span>Revolution\u00e4rin<span class=\"text\">\u00bb<\/span> sei ein Belastbarkeitslimit erreicht, das diesen bereits l\u00e4nger hinausgez\u00f6gerten Schritt unumg\u00e4nglich gemacht habe, schreibt sie.<\/span><\/span><\/p>\n<p><span class=\"text\" style=\"font-family: arial,helvetica,sans-serif; font-size: small;\"><span class=\"text\"><span class=\"text\">\u00a0<\/span><\/span><\/span><\/p>\n<p><span class=\"text\" style=\"font-family: arial,helvetica,sans-serif; font-size: small;\"><span class=\"text\"><span class=\"text\">Elisabeth Kulman ist eine der pr\u00e4genden Exponenten der Bewegung Art but fair, die f\u00fcr bessere Entl\u00f6hnung freier K\u00fcnstler k\u00e4mpft. <em>(cf)<\/em> <\/span><\/span><\/span><\/p>\n<p><span class=\"text\" style=\"font-family: arial,helvetica,sans-serif; font-size: small;\"><span class=\"text\">\u00a0<\/span><\/span><\/p>\n<p>\u00a0<\/p>\n","protected":false},"excerpt":{"rendered":"<p><span class=\"text\" style=\"font-family: arial,helvetica,sans-serif; font-size: small;\">12.08.2014 &#8212; \u00abAufgrund eines Ersch\u00f6pfungszustandes\u00bb werde Elisabeth Kulman in den kommenden Wochen keinen Konzertverpflichtungen nachkommen k\u00f6nnen, schreibt die Schubertiade Schwarzenberg.<\/span><\/p>\n","protected":false},"author":1,"featured_media":0,"comment_status":"open","ping_status":"open","sticky":false,"template":"","format":"standard","meta":{"footnotes":""},"categories":[2],"tags":[],"class_list":["post-1637","post","type-post","status-publish","format-standard","hentry","category-nachrichten","entry"],"_links":{"self":[{"href":"https:\/\/codexflores.ch\/index.php\/wp-json\/wp\/v2\/posts\/1637","targetHints":{"allow":["GET"]}}],"collection":[{"href":"https:\/\/codexflores.ch\/index.php\/wp-json\/wp\/v2\/posts"}],"about":[{"href":"https:\/\/codexflores.ch\/index.php\/wp-json\/wp\/v2\/types\/post"}],"author":[{"embeddable":true,"href":"https:\/\/codexflores.ch\/index.php\/wp-json\/wp\/v2\/users\/1"}],"replies":[{"embeddable":true,"href":"https:\/\/codexflores.ch\/index.php\/wp-json\/wp\/v2\/comments?post=1637"}],"version-history":[{"count":0,"href":"https:\/\/codexflores.ch\/index.php\/wp-json\/wp\/v2\/posts\/1637\/revisions"}],"wp:attachment":[{"href":"https:\/\/codexflores.ch\/index.php\/wp-json\/wp\/v2\/media?parent=1637"}],"wp:term":[{"taxonomy":"category","embeddable":true,"href":"https:\/\/codexflores.ch\/index.php\/wp-json\/wp\/v2\/categories?post=1637"},{"taxonomy":"post_tag","embeddable":true,"href":"https:\/\/codexflores.ch\/index.php\/wp-json\/wp\/v2\/tags?post=1637"}],"curies":[{"name":"wp","href":"https:\/\/api.w.org\/{rel}","templated":true}]}}