{"id":1639,"date":"2014-08-13T05:56:53","date_gmt":"2014-08-13T05:56:53","guid":{"rendered":"https:\/\/codexflores.ch\/index.php\/2014\/08\/13\/neuer-chef-fuer-leipziger-museum-fuer-musikinstrumente\/"},"modified":"2014-08-13T05:56:53","modified_gmt":"2014-08-13T05:56:53","slug":"neuer-chef-fuer-leipziger-museum-fuer-musikinstrumente","status":"publish","type":"post","link":"https:\/\/codexflores.ch\/index.php\/2014\/08\/13\/neuer-chef-fuer-leipziger-museum-fuer-musikinstrumente\/","title":{"rendered":"Neuer Chef f\u00fcr Leipziger Museum f\u00fcr Musikinstrumente"},"content":{"rendered":"<p><span style=\"font-family: arial,helvetica,sans-serif; font-size: small;\">13.08.2014 &#8212; Das Museum f\u00fcr Musikinstrumente der Universit\u00e4t Leipzig hat mit Josef Focht einen neuen Direktor. Der studierte Kontrabassist und Ausstellungsmacher stammt aus M\u00fcnchen.<\/span><\/p>\n<p>\u00a0<\/p>\n<p><span style=\"font-family: arial,helvetica,sans-serif; font-size: small;\"><strong>13.08.2014 &#8212; Das Museum f\u00fcr Musikinstrumente der Universit\u00e4t Leipzig hat mit Josef Focht einen neuen Direktor. Der studierte Kontrabassist und Ausstellungsmacher stammt aus M\u00fcnchen.<\/strong><\/span><\/p>\n<p>\u00a0<\/p>\n<p><span style=\"font-family: arial,helvetica,sans-serif; font-size: small;\">Seit 2004 hat der heute 53-J\u00e4hrige an der M\u00fcnchner Universit\u00e4t ein sogenanntes musikwissenschaftliches Lexikon-Cluster als Informationsportal im Internet entwickelt und herausgegeben. Ein \u00e4hnliches Projekt m\u00f6chte Josef Focht auch in Leipzig auf den Weg bringen. <\/span><\/p>\n<p>\u00a0<\/p>\n<p><span style=\"font-family: arial,helvetica,sans-serif; font-size: small;\">Mit einem derartigen Portal k\u00f6nnen verschiedene Bereiche der Instrumentenkunde, Objekte, Personen, K\u00f6rperschaften, Ereignisse oder Orte in lexikalischen Modulen abgefragt werden. Experten und Laien sollen den Wissensschatz kosten- und barrierefrei nutzen k\u00f6nnen.<\/span><\/p>\n<p>\u00a0<\/p>\n<p><span style=\"font-family: arial,helvetica,sans-serif; font-size: small;\">Focht studierte\u00a0Kontrabass und Klavier am Richard-Strauss-Konservatorium M\u00fcnchen. Parallel dazu studierte er Musik-, Theater- und Kulturwissenschaft an der Ludwig-Maximilians-Universit\u00e4t M\u00fcnchen, ausserdem in Wien und T\u00fcbingen. 1994 promovierte er an der Universit\u00e4t T\u00fcbingen zum Thema <em>Der Wiener Kontrabass<\/em>. <\/span><\/p>\n<p>\u00a0<\/p>\n<p><span style=\"font-family: arial,helvetica,sans-serif; font-size: small;\">Neben zahlreichen Lehrauftr\u00e4gen in Musikwissenschaft und Musikp\u00e4dagogik war er 25 Jahre lang selbstst\u00e4ndig als Ausstellungsmacher, Forschungs-, Medien- und Museumsdienstleister t\u00e4tig und arbeitete auch als Gutachter und Berater f\u00fcr \u00f6ffentliche Einrichtungen aus Wissenschaft und Kultur. Als Musiker hat er seit den 1980er Jahren als Kontrabassist in der Alten Musik und in verschiedenen Kulturorchestern gespielt. <em>(cf)<\/em><\/span><\/p>\n","protected":false},"excerpt":{"rendered":"<p><span style=\"font-family: arial,helvetica,sans-serif; font-size: small;\">13.08.2014 &#8212; Das Museum f\u00fcr Musikinstrumente der Universit\u00e4t Leipzig hat mit Josef Focht einen neuen Direktor. Der studierte Kontrabassist und Ausstellungsmacher stammt aus M\u00fcnchen.<\/span><\/p>\n","protected":false},"author":1,"featured_media":0,"comment_status":"open","ping_status":"open","sticky":false,"template":"","format":"standard","meta":{"footnotes":""},"categories":[2],"tags":[],"class_list":["post-1639","post","type-post","status-publish","format-standard","hentry","category-nachrichten","entry"],"_links":{"self":[{"href":"https:\/\/codexflores.ch\/index.php\/wp-json\/wp\/v2\/posts\/1639","targetHints":{"allow":["GET"]}}],"collection":[{"href":"https:\/\/codexflores.ch\/index.php\/wp-json\/wp\/v2\/posts"}],"about":[{"href":"https:\/\/codexflores.ch\/index.php\/wp-json\/wp\/v2\/types\/post"}],"author":[{"embeddable":true,"href":"https:\/\/codexflores.ch\/index.php\/wp-json\/wp\/v2\/users\/1"}],"replies":[{"embeddable":true,"href":"https:\/\/codexflores.ch\/index.php\/wp-json\/wp\/v2\/comments?post=1639"}],"version-history":[{"count":0,"href":"https:\/\/codexflores.ch\/index.php\/wp-json\/wp\/v2\/posts\/1639\/revisions"}],"wp:attachment":[{"href":"https:\/\/codexflores.ch\/index.php\/wp-json\/wp\/v2\/media?parent=1639"}],"wp:term":[{"taxonomy":"category","embeddable":true,"href":"https:\/\/codexflores.ch\/index.php\/wp-json\/wp\/v2\/categories?post=1639"},{"taxonomy":"post_tag","embeddable":true,"href":"https:\/\/codexflores.ch\/index.php\/wp-json\/wp\/v2\/tags?post=1639"}],"curies":[{"name":"wp","href":"https:\/\/api.w.org\/{rel}","templated":true}]}}