{"id":1640,"date":"2014-08-13T06:04:59","date_gmt":"2014-08-13T06:04:59","guid":{"rendered":"https:\/\/codexflores.ch\/index.php\/2014\/08\/13\/bild-didi01-pixelio-de-wettbewerb-fuer-europas-jazznachwuchs\/"},"modified":"2014-08-13T06:04:59","modified_gmt":"2014-08-13T06:04:59","slug":"bild-didi01-pixelio-de-wettbewerb-fuer-europas-jazznachwuchs","status":"publish","type":"post","link":"https:\/\/codexflores.ch\/index.php\/2014\/08\/13\/bild-didi01-pixelio-de-wettbewerb-fuer-europas-jazznachwuchs\/","title":{"rendered":"Wettbewerb f\u00fcr Europas Jazznachwuchs"},"content":{"rendered":"<p><span style=\"font-family: arial,helvetica,sans-serif; font-size: small;\">13.08.2014 &#8212; Die IG Jazz und die Stadt Burghausen schreiben den 7. Europ\u00e4ischen Nachwuchswettbewerb in Sachen Jazz aus. Er geh\u00f6rt mit 10&#8217;000 Euro zu einem der h\u00f6chst dotierten auf dem Kontinent.<\/span><\/p>\n<p><span style=\"font-family: arial,helvetica,sans-serif; font-size: small;\"><strong>13.08.2014 &#8212; Die IG Jazz und die Stadt Burghausen schreiben den 7. Europ\u00e4ischen Nachwuchswettbewerb in Sachen Jazz aus. Er geh\u00f6rt mit 10&#8217;000 Euro zu einem der h\u00f6chst dotierten auf dem Kontinent.<\/strong><\/span><\/p>\n<p><span style=\"font-family: arial,helvetica,sans-serif; font-size: small;\">\u00a0<\/span><\/p>\n<p><span style=\"font-family: arial,helvetica,sans-serif; font-size: small;\">Die Teilnahme ist auf das H\u00f6chstalter von 30 Jahren beschr\u00e4nkt, zugelassen sind alle Stile des Jazz von Combos (ab drei Musiker) oder Big Bands in Europa. Dotiert ist der Preis mit insgesamt 10&#8217;000 Euro, aufgeteilt in 5000 Euro Barpreis und 5000 Euro Promotionspreis zugeschnitten auf die Bed\u00fcrfnisse der Gewinner.<\/span><\/p>\n<p><span style=\"font-family: arial,helvetica,sans-serif; font-size: small;\">\u00a0<\/span><\/p>\n<p><span style=\"font-family: arial,helvetica,sans-serif; font-size: small;\">Die Jury w\u00e4hlt im Blindverfahren f\u00fcnf Formationen f\u00fcr die Endausscheidung aus. Die Bekanntgabe der Finalisten erfolgt im Dezember 2014. Die Endausscheidung findet am ersten Tag der 46. Internationalen Jazzwoche, dem 17. M\u00e4rz 2015, im Rahmen einer \u00f6ffentlichen Konzertveranstaltung statt.<\/span><\/p>\n<p><span style=\"font-family: arial,helvetica,sans-serif; font-size: small;\">\u00a0<\/span><\/p>\n<p><span style=\"font-family: arial,helvetica,sans-serif; font-size: small;\">Die Jury besteht aus Joe Viera (Leitung, K\u00fcnstlerischer Leiter der Internationalen Jazzwoche Burghausen), Roland Spiegel (Musikredakteur f\u00fcr Jazz und Klassik beim Bayerischen Rundfunk), Ralf Dombrowski (Musikjournalist) und Reinhard K\u00f6chl (Musikjournalist).<\/span><\/p>\n<p><span style=\"font-family: arial,helvetica,sans-serif; font-size: small;\">\u00a0<\/span><\/p>\n<p><span style=\"font-family: arial,helvetica,sans-serif; font-size: small;\">Bewerbungsschluss ist der 31.10.2014. Es werden nur Bewerbungen ber\u00fccksichtigt, die vollst\u00e4ndig und sp\u00e4testens zu diesem Termin in der Gesch\u00e4ftsstelle der IG Jazz eingegangen sind.<\/span><\/p>\n<p><span style=\"font-family: arial,helvetica,sans-serif; font-size: small;\">\u00a0<\/span><\/p>\n<p><span style=\"font-family: arial,helvetica,sans-serif; font-size: small;\">Mehr Infos: <a href=\"http:\/\/www.b-jazz.com\">www.b-jazz.com<\/a><\/span><\/p>\n<p>\u00a0<\/p>\n","protected":false},"excerpt":{"rendered":"<p><span style=\"font-family: arial,helvetica,sans-serif; font-size: small;\">13.08.2014 &#8212; Die IG Jazz und die Stadt Burghausen schreiben den 7. Europ\u00e4ischen Nachwuchswettbewerb in Sachen Jazz aus. Er geh\u00f6rt mit 10&#8217;000 Euro zu einem der h\u00f6chst dotierten auf dem Kontinent.<\/span><\/p>\n","protected":false},"author":1,"featured_media":0,"comment_status":"open","ping_status":"open","sticky":false,"template":"","format":"standard","meta":{"footnotes":""},"categories":[2],"tags":[],"class_list":["post-1640","post","type-post","status-publish","format-standard","hentry","category-nachrichten","entry"],"_links":{"self":[{"href":"https:\/\/codexflores.ch\/index.php\/wp-json\/wp\/v2\/posts\/1640","targetHints":{"allow":["GET"]}}],"collection":[{"href":"https:\/\/codexflores.ch\/index.php\/wp-json\/wp\/v2\/posts"}],"about":[{"href":"https:\/\/codexflores.ch\/index.php\/wp-json\/wp\/v2\/types\/post"}],"author":[{"embeddable":true,"href":"https:\/\/codexflores.ch\/index.php\/wp-json\/wp\/v2\/users\/1"}],"replies":[{"embeddable":true,"href":"https:\/\/codexflores.ch\/index.php\/wp-json\/wp\/v2\/comments?post=1640"}],"version-history":[{"count":0,"href":"https:\/\/codexflores.ch\/index.php\/wp-json\/wp\/v2\/posts\/1640\/revisions"}],"wp:attachment":[{"href":"https:\/\/codexflores.ch\/index.php\/wp-json\/wp\/v2\/media?parent=1640"}],"wp:term":[{"taxonomy":"category","embeddable":true,"href":"https:\/\/codexflores.ch\/index.php\/wp-json\/wp\/v2\/categories?post=1640"},{"taxonomy":"post_tag","embeddable":true,"href":"https:\/\/codexflores.ch\/index.php\/wp-json\/wp\/v2\/tags?post=1640"}],"curies":[{"name":"wp","href":"https:\/\/api.w.org\/{rel}","templated":true}]}}