{"id":1641,"date":"2014-08-13T09:03:51","date_gmt":"2014-08-13T09:03:51","guid":{"rendered":"https:\/\/codexflores.ch\/index.php\/2014\/08\/13\/neue-zeitschrift-fuer-musik-heft-4-2014\/"},"modified":"2014-08-13T09:03:51","modified_gmt":"2014-08-13T09:03:51","slug":"neue-zeitschrift-fuer-musik-heft-4-2014","status":"publish","type":"post","link":"https:\/\/codexflores.ch\/index.php\/2014\/08\/13\/neue-zeitschrift-fuer-musik-heft-4-2014\/","title":{"rendered":"Neue Zeitschrift f\u00fcr Musik  Heft # 4_2014"},"content":{"rendered":"<p><span style=\"font-family: arial,helvetica,sans-serif; font-size: small;\"><img decoding=\"async\" src=\"images\/zeitschriften_covers\/nzfm414.jpg\" border=\"0\" alt=\"Cover Zeitschrift\" style=\"float: left; margin: 4px;\" \/>Herausgegeben von Schott Music, Mainz<\/span><\/p>\n<p><span style=\"font-family: arial,helvetica,sans-serif; font-size: small;\"> <strong>Thema: Musik \u00fcber Musik <\/strong><\/span><\/p>\n<p><span style=\"font-family: arial,helvetica,sans-serif; font-size: small;\"> <strong>Markus B\u00f6ggemann <\/strong><\/span><br \/><span style=\"font-family: arial,helvetica,sans-serif; font-size: small;\"> Geschichte machen. \u00dcber Versuche, die Moderne zur Raison zu bringen <\/span><\/p>\n<p><span style=\"font-family: arial,helvetica,sans-serif; font-size: small;\"> <strong>Daniel Ender <\/strong><\/span><br \/><span style=\"font-family: arial,helvetica,sans-serif; font-size: small;\"> Das Verschwinden des Komponisten. Bernhard Lang und seine Arbeit am Steinbruch der Musikgeschichte <\/span><\/p>\n<p><span style=\"font-family: arial,helvetica,sans-serif; font-size: small;\"> <strong>Hans-Peter Jahn <\/strong><\/span><br \/><span style=\"font-family: arial,helvetica,sans-serif; font-size: small;\"> Zappen ins Musikgeschichtliche. Einige Bemerkungen zu Daniel Smutnys neueren Kompositionen <\/span><\/p>\n<p><span style=\"font-family: arial,helvetica,sans-serif; font-size: small;\"> <strong>Michael Rebhahn <\/strong><\/span><br \/><span style=\"font-family: arial,helvetica,sans-serif; font-size: small;\"> Jenseits der Musikgeschichtskontinuit\u00e4tswelt. Gespr\u00e4ch mit Rolf Riehm \u00fcber sein St\u00fcck \u00abAdieu, Marie, mon amaour\u00bb <\/span><\/p>\n<p><span style=\"font-family: arial,helvetica,sans-serif; font-size: small;\"> <strong>Marion Saxer <\/strong><\/span><br \/><span style=\"font-family: arial,helvetica,sans-serif; font-size: small;\"> Kontingenz der Geschichte(n). Historische Dimensionen der Klangkunst <\/span><\/p>\n<p><span style=\"font-family: arial,helvetica,sans-serif; font-size: small;\"> <strong> J\u00f6rn Peter Hiekel <\/strong><\/span><br \/><span style=\"font-family: arial,helvetica,sans-serif; font-size: small;\"> Der \u00abmoderne\u00bb Beethoven. Reflexe auf sein Komponieren in der Neuen Musik <\/span><\/p>\n<p><span style=\"font-family: arial,helvetica,sans-serif; font-size: small;\"> <strong>Stefan Drees <\/strong><\/span><br \/><span style=\"font-family: arial,helvetica,sans-serif; font-size: small;\"> Transkription versus \u00dcbermalung. Zu Heinz Holligers und Peter Ruzickas kreativer Auseinandersetzung mit den sp\u00e4ten Klavierst\u00fccken Franz Liszts <\/span><\/p>\n<p><span style=\"font-family: arial,helvetica,sans-serif; font-size: small;\"> <strong>Im Weiteren: <\/strong><\/span><\/p>\n<p><span style=\"font-family: arial,helvetica,sans-serif; font-size: small;\"> <strong>Margarethe Maierhofer-Lischka <\/strong><\/span><br \/><span style=\"font-family: arial,helvetica,sans-serif; font-size: small;\"> \u00abIch wollte mich nie auf Feldman und Cage beziehen.\u00bb Interview mit der \u00f6sterreichischen Komponistin Elisabeth Schimana <\/span><\/p>\n<p><span style=\"font-family: arial,helvetica,sans-serif; font-size: small;\"> <strong> Egbert Hiller <\/strong><\/span><br \/><span style=\"font-family: arial,helvetica,sans-serif; font-size: small;\"> \u00abIm heiligen Feuer einer neuen Werdung\u00bb. Arnold Sch\u00f6nbergs Vertonung von Stefan George am Vorabend des Ersten Weltkriegs <\/span><\/p>\n<p><span style=\"font-family: arial,helvetica,sans-serif; font-size: small;\"> <strong>Martin Tchiba <\/strong><\/span><br \/><span style=\"font-family: arial,helvetica,sans-serif; font-size: small;\"> Absturz und Distanz. Eine Begegnung mit Gerhard St\u00e4blers \u00abSpiegel 17\/11\u00bb <\/span><\/p>\n<p><span style=\"font-family: arial,helvetica,sans-serif; font-size: small;\"> <strong>Timo Hoyer <\/strong><\/span><br \/><span style=\"font-family: arial,helvetica,sans-serif; font-size: small;\"> Notorisch im Fluss. Anthony Braxtons Produktivit\u00e4t bei seiner Tri-Centric Foundation und in den Konzerten des New Yorker Tri-Centric Music Festivals <\/span><\/p>\n<p><span style=\"font-family: arial,helvetica,sans-serif; font-size: small;\"> <strong>Martin Zenck <\/strong><\/span><br \/><span style=\"font-family: arial,helvetica,sans-serif; font-size: small;\"> Quer zu den Zeiten. Heribert Henrichs Werkverzeichnis Bern Alois Zimmermanns und die Zimmermann-Renaissance <\/span><\/p>\n<p><span style=\"font-family: arial,helvetica,sans-serif; font-size: small;\"> <strong>Rafael Smarzoch <\/strong><\/span><br \/><span style=\"font-family: arial,helvetica,sans-serif; font-size: small;\"> Rauschende Aschewolken. Der Komponist Lu\u00eds Antunes Pena<\/span><\/p>\n<p><span style=\"font-family: arial,helvetica,sans-serif; font-size: small;\"> <strong>Florian Neuner <\/strong><\/span><br \/><span style=\"font-family: arial,helvetica,sans-serif; font-size: small;\"> Hallr\u00e4ume. Der Komponist Marko Nikodijevic <\/span><\/p>\n<p><span style=\"font-family: arial,helvetica,sans-serif; font-size: small;\"> <strong>Hanns-Peter Mederer <\/strong><\/span><br \/><span style=\"font-family: arial,helvetica,sans-serif; font-size: small;\"> St\u00e4dte aus Ohrenperspektive. Bioakustik \u2013 Sounddesign \u2013 Auditive Architektur <\/span><\/p>\n<p><span style=\"font-family: arial,helvetica,sans-serif; font-size: small;\"> <strong> Margarethe Maierhofer-Lischka <\/strong><\/span><br \/><span style=\"font-family: arial,helvetica,sans-serif; font-size: small;\"> So viel mehr an Oper\u2026 Vier Opern-Urauff\u00fchrungen junger Komponistinnen im Grazer Opernhaus <\/span><\/p>\n<p><span style=\"font-family: arial,helvetica,sans-serif; font-size: small;\"> Notizen, Berichte<\/span><br \/><span style=\"font-family: arial,helvetica,sans-serif; font-size: small;\"> Feedback<\/span><br \/><span style=\"font-family: arial,helvetica,sans-serif; font-size: small;\"> Rezensionen<\/span><br \/><span style=\"font-family: arial,helvetica,sans-serif; font-size: small;\"> Urauff\u00fchrungen<\/span><br \/><span style=\"font-family: arial,helvetica,sans-serif; font-size: small;\"> Bilder + T\u00f6ne <\/span><\/p>\n","protected":false},"excerpt":{"rendered":"<p>Herausgegeben von Schott Music, Mainz Thema: Musik \u00fcber Musik Markus B\u00f6ggemann Geschichte machen. \u00dcber Versuche, die Moderne zur Raison zu&#8230;<\/p>\n","protected":false},"author":1,"featured_media":0,"comment_status":"open","ping_status":"open","sticky":false,"template":"","format":"standard","meta":{"footnotes":""},"categories":[10],"tags":[],"class_list":["post-1641","post","type-post","status-publish","format-standard","hentry","category-fachzeitschriften","entry"],"_links":{"self":[{"href":"https:\/\/codexflores.ch\/index.php\/wp-json\/wp\/v2\/posts\/1641","targetHints":{"allow":["GET"]}}],"collection":[{"href":"https:\/\/codexflores.ch\/index.php\/wp-json\/wp\/v2\/posts"}],"about":[{"href":"https:\/\/codexflores.ch\/index.php\/wp-json\/wp\/v2\/types\/post"}],"author":[{"embeddable":true,"href":"https:\/\/codexflores.ch\/index.php\/wp-json\/wp\/v2\/users\/1"}],"replies":[{"embeddable":true,"href":"https:\/\/codexflores.ch\/index.php\/wp-json\/wp\/v2\/comments?post=1641"}],"version-history":[{"count":0,"href":"https:\/\/codexflores.ch\/index.php\/wp-json\/wp\/v2\/posts\/1641\/revisions"}],"wp:attachment":[{"href":"https:\/\/codexflores.ch\/index.php\/wp-json\/wp\/v2\/media?parent=1641"}],"wp:term":[{"taxonomy":"category","embeddable":true,"href":"https:\/\/codexflores.ch\/index.php\/wp-json\/wp\/v2\/categories?post=1641"},{"taxonomy":"post_tag","embeddable":true,"href":"https:\/\/codexflores.ch\/index.php\/wp-json\/wp\/v2\/tags?post=1641"}],"curies":[{"name":"wp","href":"https:\/\/api.w.org\/{rel}","templated":true}]}}