{"id":1643,"date":"2014-08-14T06:38:31","date_gmt":"2014-08-14T06:38:31","guid":{"rendered":"https:\/\/codexflores.ch\/index.php\/2014\/08\/14\/tod-des-floetisten-und-dirigenten-frans-brueggen\/"},"modified":"2014-08-14T06:38:31","modified_gmt":"2014-08-14T06:38:31","slug":"tod-des-floetisten-und-dirigenten-frans-brueggen","status":"publish","type":"post","link":"https:\/\/codexflores.ch\/index.php\/2014\/08\/14\/tod-des-floetisten-und-dirigenten-frans-brueggen\/","title":{"rendered":"Tod des Fl\u00f6tisten und Dirigenten Frans Br\u00fcggen"},"content":{"rendered":"<p><span style=\"font-family: arial,helvetica,sans-serif; font-size: small;\">14.08.2014 &#8211; Der niederl\u00e4ndische Dirigent und Blockfl\u00f6tist Frans Br\u00fcggen ist laut einer Mitteilung der Agentur Askonas Holt in Amsterdam im Alter von 79 Jahren verstorben.<\/span><\/p>\n<p><span style=\"font-family: arial,helvetica,sans-serif; font-size: small;\"><strong>14.08.2014 &#8211; Der niederl\u00e4ndische Dirigent und Blockfl\u00f6tist Frans Br\u00fcggen ist laut einer Mitteilung der Agentur Askonas Holt in Amsterdam im Alter von 79 Jahren verstorben.<\/strong><\/span><\/p>\n<p><span style=\"font-family: arial,helvetica,sans-serif; font-size: small;\">\u00a0<\/span><\/p>\n<p><span style=\"font-family: arial,helvetica,sans-serif; font-size: small;\">Br\u00fcggen studierte in Den Haag Musikwissenschaft und galt als einer der bedeutendsten Spezialisten f\u00fcr die Musik des 18. und fr\u00fchen 19. Jahrhunderts. Neben seiner T\u00e4tigkeit als Blockfl\u00f6ten-Virtuose und Dirigent unterrichtete er als\u00a0Erasmus Professor an der Harvard University.<\/span><\/p>\n<p><span style=\"font-family: arial,helvetica,sans-serif; font-size: small;\">\u00a0<\/span><\/p>\n<p><span style=\"font-family: arial,helvetica,sans-serif; font-size: small;\">Zudem war er 1981 Gr\u00fcnder des Orchestra of the Eighteenth Century, einer Pionierformation der Alte-Musik-Bewegung. 2010 verlieh ihm das niederl\u00e4ndische K\u00f6nigshaus die k\u00f6nigliche Goldmedaille f\u00fcr Wissenschaft und Kunst. <em>(cf)<\/em><\/span><\/p>\n<div><span style=\"font-family: arial,helvetica,sans-serif; font-size: small;\">\u00a0<\/span><\/div>\n<div>\u00a0<\/div>\n<p>\u00a0<\/p>\n","protected":false},"excerpt":{"rendered":"<p><span style=\"font-family: arial,helvetica,sans-serif; font-size: small;\">14.08.2014 &#8211; Der niederl\u00e4ndische Dirigent und Blockfl\u00f6tist Frans Br\u00fcggen ist laut einer Mitteilung der Agentur Askonas Holt in Amsterdam im Alter von 79 Jahren verstorben.<\/span><\/p>\n","protected":false},"author":1,"featured_media":0,"comment_status":"open","ping_status":"open","sticky":false,"template":"","format":"standard","meta":{"footnotes":""},"categories":[2],"tags":[],"class_list":["post-1643","post","type-post","status-publish","format-standard","hentry","category-nachrichten","entry"],"_links":{"self":[{"href":"https:\/\/codexflores.ch\/index.php\/wp-json\/wp\/v2\/posts\/1643","targetHints":{"allow":["GET"]}}],"collection":[{"href":"https:\/\/codexflores.ch\/index.php\/wp-json\/wp\/v2\/posts"}],"about":[{"href":"https:\/\/codexflores.ch\/index.php\/wp-json\/wp\/v2\/types\/post"}],"author":[{"embeddable":true,"href":"https:\/\/codexflores.ch\/index.php\/wp-json\/wp\/v2\/users\/1"}],"replies":[{"embeddable":true,"href":"https:\/\/codexflores.ch\/index.php\/wp-json\/wp\/v2\/comments?post=1643"}],"version-history":[{"count":0,"href":"https:\/\/codexflores.ch\/index.php\/wp-json\/wp\/v2\/posts\/1643\/revisions"}],"wp:attachment":[{"href":"https:\/\/codexflores.ch\/index.php\/wp-json\/wp\/v2\/media?parent=1643"}],"wp:term":[{"taxonomy":"category","embeddable":true,"href":"https:\/\/codexflores.ch\/index.php\/wp-json\/wp\/v2\/categories?post=1643"},{"taxonomy":"post_tag","embeddable":true,"href":"https:\/\/codexflores.ch\/index.php\/wp-json\/wp\/v2\/tags?post=1643"}],"curies":[{"name":"wp","href":"https:\/\/api.w.org\/{rel}","templated":true}]}}