{"id":1644,"date":"2014-08-14T08:54:54","date_gmt":"2014-08-14T08:54:54","guid":{"rendered":"https:\/\/codexflores.ch\/index.php\/2014\/08\/14\/boulez-kann-am-lucerne-festival-academy-nicht-teilnehmen\/"},"modified":"2014-08-14T08:54:54","modified_gmt":"2014-08-14T08:54:54","slug":"boulez-kann-am-lucerne-festival-academy-nicht-teilnehmen","status":"publish","type":"post","link":"https:\/\/codexflores.ch\/index.php\/2014\/08\/14\/boulez-kann-am-lucerne-festival-academy-nicht-teilnehmen\/","title":{"rendered":"Boulez kann an Lucerne Festival Academy nicht teilnehmen"},"content":{"rendered":"<p><span style=\"font-family: arial,helvetica,sans-serif; font-size: small;\">14.08.2014 &#8212; Laut einer Mitteilung von Lucerne Festival ist Pierre Boulez, der K\u00fcnstlerische Leiter der Lucerne Festival Academy von einer k\u00fcrzlichen Schulteroperation noch zu sehr geschw\u00e4cht. Er m\u00fcsse deshalb zu seinem grossen Bedauern vorerst auf seine Reise nach Luzern verzichten.<\/span><\/p>\n<p><span style=\"font-family: arial,helvetica,sans-serif; font-size: small;\"><strong>14.08.2014 &#8212; Laut einer Mitteilung von Lucerne Festival ist Pierre Boulez, der K\u00fcnstlerische Leiter der Lucerne Festival Academy von einer k\u00fcrzlichen Schulteroperation noch zu sehr geschw\u00e4cht. Er m\u00fcsse deshalb zu seinem grossen Bedauern vorerst auf seine Reise nach Luzern verzichten.<\/strong><\/span><\/p>\n<p>\u00a0<\/p>\n<p><span style=\"font-family: arial,helvetica,sans-serif;\"><span style=\"font-size: small;\">Der 89-j\u00e4hrige Pierre Boulez hatte geplant, w\u00e4hrend der diesj\u00e4hrigen Akademie in Luzern anwesend zu sein, allerdings ohne Dirigate zu \u00fcbernehmen. F\u00fcr diesen Sommer hat er Heinz Holliger und Matthias Pintscher sowie Sir Simon Rattle eingeladen, innerhalb der<\/span> Lucerne Festival Academy zu unterrichten und zu dirigieren.<\/span><\/p>\n<p><span style=\"font-family: arial,helvetica,sans-serif;\">\u00a0<\/span><\/p>\n<p><span style=\"font-family: arial,helvetica,sans-serif;\"> Boulez hoffe, m\u00f6glicherweise zum Ende des Festivals am Vierwaldst\u00e4ttersee kommen zu k\u00f6nnen, schreibt Lucerne Festival weiter. <em>(cf)<\/em><\/span><\/p>\n<p>\u00a0<\/p>\n","protected":false},"excerpt":{"rendered":"<p><span style=\"font-family: arial,helvetica,sans-serif; font-size: small;\">14.08.2014 &#8212; Laut einer Mitteilung von Lucerne Festival ist Pierre Boulez, der K\u00fcnstlerische Leiter der Lucerne Festival Academy von einer k\u00fcrzlichen Schulteroperation noch zu sehr geschw\u00e4cht. Er m\u00fcsse deshalb zu seinem grossen Bedauern vorerst auf seine Reise nach Luzern verzichten.<\/span><\/p>\n","protected":false},"author":1,"featured_media":0,"comment_status":"open","ping_status":"open","sticky":false,"template":"","format":"standard","meta":{"footnotes":""},"categories":[2],"tags":[],"class_list":["post-1644","post","type-post","status-publish","format-standard","hentry","category-nachrichten","entry"],"_links":{"self":[{"href":"https:\/\/codexflores.ch\/index.php\/wp-json\/wp\/v2\/posts\/1644","targetHints":{"allow":["GET"]}}],"collection":[{"href":"https:\/\/codexflores.ch\/index.php\/wp-json\/wp\/v2\/posts"}],"about":[{"href":"https:\/\/codexflores.ch\/index.php\/wp-json\/wp\/v2\/types\/post"}],"author":[{"embeddable":true,"href":"https:\/\/codexflores.ch\/index.php\/wp-json\/wp\/v2\/users\/1"}],"replies":[{"embeddable":true,"href":"https:\/\/codexflores.ch\/index.php\/wp-json\/wp\/v2\/comments?post=1644"}],"version-history":[{"count":0,"href":"https:\/\/codexflores.ch\/index.php\/wp-json\/wp\/v2\/posts\/1644\/revisions"}],"wp:attachment":[{"href":"https:\/\/codexflores.ch\/index.php\/wp-json\/wp\/v2\/media?parent=1644"}],"wp:term":[{"taxonomy":"category","embeddable":true,"href":"https:\/\/codexflores.ch\/index.php\/wp-json\/wp\/v2\/categories?post=1644"},{"taxonomy":"post_tag","embeddable":true,"href":"https:\/\/codexflores.ch\/index.php\/wp-json\/wp\/v2\/tags?post=1644"}],"curies":[{"name":"wp","href":"https:\/\/api.w.org\/{rel}","templated":true}]}}