{"id":165,"date":"2014-01-09T17:27:29","date_gmt":"2014-01-09T17:27:29","guid":{"rendered":"https:\/\/codexflores.ch\/index.php\/2014\/01\/09\/geistliche-gesaenge-mit-juan-diego-florez\/"},"modified":"2014-01-09T17:27:29","modified_gmt":"2014-01-09T17:27:29","slug":"geistliche-gesaenge-mit-juan-diego-florez","status":"publish","type":"post","link":"https:\/\/codexflores.ch\/index.php\/2014\/01\/09\/geistliche-gesaenge-mit-juan-diego-florez\/","title":{"rendered":"Geistliche Ges\u00e4nge mit Juan Diego Fl\u00f3rez"},"content":{"rendered":"<p><span class=\"txt-m-black\"><img decoding=\"async\" src=\"http:\/\/212.60.37.143\/bilder\/2010\/101203santo.jpg\" border=\"0\" align=\"left\" \/><em>03.12.2010 &#8212;<\/em> Es ist wieder Adventszeit, und damit Hochkonjunktur f\u00fcr glanzvolle s\u00e4ngerische Andachten. Nun da Pavarotti nicht mehr ist, Villaz\u00f3n mit seiner Stimme k\u00e4mpft, Domingo sich ins Baritonfach zur\u00fcckgelegt hat und die Nachdr\u00e4ngenden wie Vittorio Grigolo und Piotr Beczala noch zu wenig Ruhm angesetzt haben, f\u00e4llt die Aufgabe des Vors\u00e4ngers heuer dem peruanischen Superstar Juan Diego Fl\u00f3rez zu. Und der sch\u00f6pft aus dem Vollen: Alleluja, Ave Maria, Panis angelicus, Qui Tollis. Fux. Schubert, Franck, daneben dienen Messen und Oratorien der \u00fcblichen Verd\u00e4chtigen H\u00e4ndel, Rossini, Haydn und Bellini als musikalische Steinbr\u00fcche. Ethnokolorit liefert das Kyrie aus der <em>Missa Criolla<\/em> von Ramirez, und Flor\u00e9z steuert sogar eine eigene Komposition bei: Das titelgebende <em>Santo<\/em>, untermalt vom typischen Anden-Instrumentarium mit Gitarre, Charango und Quenas. Etwas opernhaft, mit Chor, treibenden Bassrhythmen, pentatonischen Rondellen und melodramatischem Abgang. <\/p>\n<p> Er\u00f6ffnet wird die CD von strahlenden Trompetenkl\u00e4ngen. Der Solist Ulrich Stephan Breddermann wird im Booklet auch richtigerweise namentlich genannt. Selteneres und sonstwie Originelles findet sich da ebenfalls: Arien aus Rossinis <em>Messa di Gloria<\/em> f\u00fcr verschiedene Ten\u00f6re, die Florez gleich beide selber singt, und <em>Qui sedes<\/em> aus einer Messe in a-Moll des jungen Bellini. <\/p>\n<p> Zur Seite stehen Fl\u00f3rez Chor und Orchester des Teatro Communale di Bologna unter der Leitung von Michele Mariotti, ideale Gef\u00e4hrten f\u00fcr die geschmackssichere Pilgerfahrt durch vorweihn\u00e4chtliche Erwartungen. Aufgenommen wurde die CD allerdings bereits im Januar dieses Jahres im Bologneser Teatro Manzoni. <\/p>\n<p> <img decoding=\"async\" src=\"http:\/\/212.60.37.143\/bilder\/2010\/101203bartoli.jpg\" border=\"0\" align=\"left\" \/>Juan Diego Fl\u00f3rez amtet auch als einer der Duo-Partner von Cecilia Bartoli auf der Kompilations-CD <em>Sospiri<\/em> f\u00fcr alle, die\u2019s im Advent mehr mit Frauenstimmen haben. Da ist die Z\u00fcrcher Mezzospranistin ebenfalls mit Francks <em>Panis angelicus<\/em> vertreten. \u00dcberdies singt sie den Callas-Kn\u00fcller <em>Casta diva<\/em> und mit Bryn Terfel <em>L\u00e1 ci darem la mano<\/em> aus Mozarts <em>Don Giovanni<\/em>. Geistlich wird\u2019s mit Faur\u00e9s Requiem-Titel <em>Pie Jesu<\/em> und einem Ausschnitt aus Mozarts <em>Vesperae solennes<\/em>. Ein Z\u00fcckerchen, eine CD-Ersteinspielung, gibt\u2019s mit <em>Una voce poco fa<\/em> aus Rossinis <em>Barbiere di Siviglia<\/em> mit dem Orchestra La Scintilla unter der Leitung von Adam Fischer. <em>(wb)<\/em><br \/><\/span><\/p>\n<p><span class=\"txt-m-black\">\u00a0<\/span><\/p>\n<p><span class=\"txt-m-black\"><br \/> <em><span class=\"txt-s-black\" style=\"font-size: x-small;\">Juan Diego Fl\u00f3rez: Santo, Decco\/Universal, Best.-Nr. 478 2254<br \/> Cecilia Bartoli: Sospiri, Decca\/Universal, Best.-Nr. 478 2558.<\/span><\/em><\/span><\/p>\n","protected":false},"excerpt":{"rendered":"<p>03.12.2010 &#8212; Es ist wieder Adventszeit, und damit Hochkonjunktur f\u00fcr glanzvolle s\u00e4ngerische Andachten. Nun da Pavarotti nicht mehr ist, Villaz\u00f3n&#8230;<\/p>\n","protected":false},"author":1,"featured_media":0,"comment_status":"open","ping_status":"open","sticky":false,"template":"","format":"standard","meta":{"footnotes":""},"categories":[4],"tags":[],"class_list":["post-165","post","type-post","status-publish","format-standard","hentry","category-im-gespraech","entry"],"_links":{"self":[{"href":"https:\/\/codexflores.ch\/index.php\/wp-json\/wp\/v2\/posts\/165","targetHints":{"allow":["GET"]}}],"collection":[{"href":"https:\/\/codexflores.ch\/index.php\/wp-json\/wp\/v2\/posts"}],"about":[{"href":"https:\/\/codexflores.ch\/index.php\/wp-json\/wp\/v2\/types\/post"}],"author":[{"embeddable":true,"href":"https:\/\/codexflores.ch\/index.php\/wp-json\/wp\/v2\/users\/1"}],"replies":[{"embeddable":true,"href":"https:\/\/codexflores.ch\/index.php\/wp-json\/wp\/v2\/comments?post=165"}],"version-history":[{"count":0,"href":"https:\/\/codexflores.ch\/index.php\/wp-json\/wp\/v2\/posts\/165\/revisions"}],"wp:attachment":[{"href":"https:\/\/codexflores.ch\/index.php\/wp-json\/wp\/v2\/media?parent=165"}],"wp:term":[{"taxonomy":"category","embeddable":true,"href":"https:\/\/codexflores.ch\/index.php\/wp-json\/wp\/v2\/categories?post=165"},{"taxonomy":"post_tag","embeddable":true,"href":"https:\/\/codexflores.ch\/index.php\/wp-json\/wp\/v2\/tags?post=165"}],"curies":[{"name":"wp","href":"https:\/\/api.w.org\/{rel}","templated":true}]}}