{"id":1651,"date":"2014-08-19T06:22:50","date_gmt":"2014-08-19T06:22:50","guid":{"rendered":"https:\/\/codexflores.ch\/index.php\/2014\/08\/19\/payare-ersetzt-bei-den-wiener-philharmonikern-maazel\/"},"modified":"2014-08-19T06:22:50","modified_gmt":"2014-08-19T06:22:50","slug":"payare-ersetzt-bei-den-wiener-philharmonikern-maazel","status":"publish","type":"post","link":"https:\/\/codexflores.ch\/index.php\/2014\/08\/19\/payare-ersetzt-bei-den-wiener-philharmonikern-maazel\/","title":{"rendered":"Payare ersetzt bei den Wiener Philharmonikern Maazel"},"content":{"rendered":"<p><span style=\"font-family: arial,helvetica,sans-serif; font-size: small;\">19.08.2014 &#8212; Der venzolanische Dirigent Rafael Payare, Chefdirigent des Ulster Orchestra und Gatte der Cellistin Alisa Weilerstein, \u00fcbernimmt in der kommenden Saison bei den Wiener Philharmonikern Dirigate des verstorbenen Lorin Maazel.<\/span><\/p>\n<p><span style=\"font-family: arial,helvetica,sans-serif; font-size: small;\"><strong>19.08.2014 &#8212; Der venzolanische Dirigent Rafael Payare, Chefdirigent des Ulster Orchestra und Gatte der Cellistin Alisa Weilerstein, \u00fcbernimmt in der kommenden Saison bei den Wiener Philharmonikern Dirigate des verstorbenen Lorin Maazel.<\/strong><\/span><\/p>\n<p><span style=\"font-family: arial,helvetica,sans-serif; font-size: small;\">\u00a0<\/span><\/p>\n<p><span style=\"font-family: arial,helvetica,sans-serif; font-size: small;\">Das Programm umfasst laut <em>Salzburger Nachrichten<\/em> Lorin Maazels St\u00fcck <em>The Giving Tree<\/em> f\u00fcr Orchester, Violoncello und Erz\u00e4hler. Dietlinde Turban-Maazel, die Witwe des Verstorbenen, \u00fcbernimmt die Rolle der Sprecherin, Cello spielt Robert Nagy, der Solocellist der Wiener Philharmoniker.\u00a0<\/span><\/p>\n<p><span style=\"font-family: arial,helvetica,sans-serif; font-size: small;\">\u00a0<\/span><\/p>\n<p><span style=\"font-family: arial,helvetica,sans-serif; font-size: small;\">Der 33 Jahre alte Rafael Payare, ein Sch\u00fcler des \u00abSistema\u00bb-Gr\u00fcnders Jos\u00e9 Antonio Abreu, hat 2012 den Malko Dirigier-Wettbewerb gewonnen und seither mit Orchestern wie dem Gothenburg Symphony, dem Cincinnati Symphony dem Los Angeles Philharmonic und den Stockholmer Philharmonikern gearbeitet. 2012 lud ihn Daniel Barenboim \u00fcberdies ein, ihm bei der Produktion von <em>Siegfried<\/em> an der Berliner Staatsoper Unter den Linden zu assistieren.<em> (cf)<\/em> \u00a0 <\/span><\/p>\n<p><span style=\"font-family: arial,helvetica,sans-serif; font-size: small;\">\u00a0<\/span><\/p>\n","protected":false},"excerpt":{"rendered":"<p><span style=\"font-family: arial,helvetica,sans-serif; font-size: small;\">19.08.2014 &#8212; Der venzolanische Dirigent Rafael Payare, Chefdirigent des Ulster Orchestra und Gatte der Cellistin Alisa Weilerstein, \u00fcbernimmt in der kommenden Saison bei den Wiener Philharmonikern Dirigate des verstorbenen Lorin Maazel.<\/span><\/p>\n","protected":false},"author":1,"featured_media":0,"comment_status":"open","ping_status":"open","sticky":false,"template":"","format":"standard","meta":{"footnotes":""},"categories":[2],"tags":[],"class_list":["post-1651","post","type-post","status-publish","format-standard","hentry","category-nachrichten","entry"],"_links":{"self":[{"href":"https:\/\/codexflores.ch\/index.php\/wp-json\/wp\/v2\/posts\/1651","targetHints":{"allow":["GET"]}}],"collection":[{"href":"https:\/\/codexflores.ch\/index.php\/wp-json\/wp\/v2\/posts"}],"about":[{"href":"https:\/\/codexflores.ch\/index.php\/wp-json\/wp\/v2\/types\/post"}],"author":[{"embeddable":true,"href":"https:\/\/codexflores.ch\/index.php\/wp-json\/wp\/v2\/users\/1"}],"replies":[{"embeddable":true,"href":"https:\/\/codexflores.ch\/index.php\/wp-json\/wp\/v2\/comments?post=1651"}],"version-history":[{"count":0,"href":"https:\/\/codexflores.ch\/index.php\/wp-json\/wp\/v2\/posts\/1651\/revisions"}],"wp:attachment":[{"href":"https:\/\/codexflores.ch\/index.php\/wp-json\/wp\/v2\/media?parent=1651"}],"wp:term":[{"taxonomy":"category","embeddable":true,"href":"https:\/\/codexflores.ch\/index.php\/wp-json\/wp\/v2\/categories?post=1651"},{"taxonomy":"post_tag","embeddable":true,"href":"https:\/\/codexflores.ch\/index.php\/wp-json\/wp\/v2\/tags?post=1651"}],"curies":[{"name":"wp","href":"https:\/\/api.w.org\/{rel}","templated":true}]}}