{"id":1652,"date":"2014-08-20T05:54:01","date_gmt":"2014-08-20T05:54:01","guid":{"rendered":"https:\/\/codexflores.ch\/index.php\/2014\/08\/20\/stubete-am-see-2014-mit-neuer-schweizer-volksmusik\/"},"modified":"2014-08-20T05:54:01","modified_gmt":"2014-08-20T05:54:01","slug":"stubete-am-see-2014-mit-neuer-schweizer-volksmusik","status":"publish","type":"post","link":"https:\/\/codexflores.ch\/index.php\/2014\/08\/20\/stubete-am-see-2014-mit-neuer-schweizer-volksmusik\/","title":{"rendered":"Stubete am See 2014 mit Neuer Schweizer Volksmusik"},"content":{"rendered":"<p><span style=\"font-family: arial,helvetica,sans-serif; font-size: small;\">20.08.2014 &#8212; Alle zwei Jahre erm\u00f6glicht die Stubete am See in Z\u00fcrich einen umfassenden Blick auf die Szene der Neuen Schweizer Volksmusik. Im September ist es wieder einmal so weit.<\/span><\/p>\n<p><span style=\"font-family: arial,helvetica,sans-serif; font-size: small;\"><strong>20.08.2014 &#8212; Alle zwei Jahre erm\u00f6glicht die Stubete am See in Z\u00fcrich einen umfassenden Blick auf die Szene der Neuen Schweizer Volksmusik. Im September ist es wieder einmal so weit.<\/strong><\/span><\/p>\n<p><span style=\"font-family: arial,helvetica,sans-serif; font-size: small;\">\u00a0<\/span><\/p>\n<p><span style=\"font-family: arial,helvetica,sans-serif; font-size: small;\">Am Freitag 5. September wird zum ersten Stubete-Ball in den Kleinen Tonhalle-Saal geladen. Die Festivaltage Samstag 6. und Sonntag 7. September beginnen jeweils mit einem Tanzworkshop zu Livemusik. Das Erlernte kann danach auf den Tanzb\u00fchnen Bausch\u00e4nzli und Vestibule Tonhalle gleich erprobt werden.<\/span><\/p>\n<p><span style=\"font-family: arial,helvetica,sans-serif; font-size: small;\">\u00a0<\/span><\/p>\n<p><span style=\"font-family: arial,helvetica,sans-serif; font-size: small;\">2014 ist f\u00fcr das L\u00e4ndlerorchester, das Hausorchester des Festivals, ein Kompositionsauftrag an Tommaso Huber aus Wien vergeben worden. Die junge Z\u00fcrcher Akkordeonistin Viviane Chassot wiederum zeigt Meisterhaftes auf dem Akkordeon solo. Aus dem Appenzellerland und der Romandie sind zwei M\u00e4nnerch\u00f6re in Z\u00fcrich: Das Bergwaldch\u00f6rli Enggenh\u00fctten und die Armaillis de La Roche.<\/span><\/p>\n<p><span style=\"font-family: arial,helvetica,sans-serif; font-size: small;\">\u00a0<\/span><\/p>\n<p><span style=\"font-family: arial,helvetica,sans-serif; font-size: small;\">Mit der \u00abSch\u00e4nner Blech-F\u00fcfermusig\u00bb, \u00abGiiger Bertholds Seefi&#8217;s Strichquartett\u00bb und \u00abRadix\u00bb wird alte und sehr alte Schweizer Musik (16. Jh.) erstmals wieder zu Geh\u00f6r gebracht. Domenic und Curdin Janett dampfen mit ihrem Duo-Programm ihre musikalische Biographie aufs Wesentliche ein und pr\u00e4sentieren die Essenz: \u00abInvenziuns\u00bb. Das Halszitherfestival \u00abUfzupft\u00bb ist zu Gast und bringt die l\u00e4ngst vergessene Schweizer Gitarre in die Gegenwart.<\/span><\/p>\n<p><span style=\"font-family: arial,helvetica,sans-serif; font-size: small;\">\u00a0<\/span><\/p>\n<p><span style=\"font-family: arial,helvetica,sans-serif; font-size: small;\">Der Gitarrist und Klarinettist Tinu Heiniger hat den Blues zur uremmentaler Musik gemacht. Wie die Mazurka oder der Schottisch im 19. Jahrhundert, so wurde im 20. Jahrhundert die Volksmusik aus noch weiter entfernten L\u00e4ndern importiert. Da passt eine Begegnung von Heiniger mit T\u00f6bi Tobler und Markus Fl\u00fcckiger, zwei Monolithen der Schweizer Volksmusik, gut zusammen. <em>(cf)<\/em><\/span><\/p>\n<p><span style=\"font-family: arial,helvetica,sans-serif; font-size: small;\">\u00a0<\/span><\/p>\n<p><span style=\"font-family: arial,helvetica,sans-serif; font-size: small;\">Das ganze Programm: <strong><a href=\"http:\/\/www.stubeteamsee.ch\" target=\"_blank\" rel=\"noopener noreferrer\">www.stubeteamsee.ch<\/a><\/strong><\/span><\/p>\n<p>\u00a0<\/p>\n","protected":false},"excerpt":{"rendered":"<p><span style=\"font-family: arial,helvetica,sans-serif; font-size: small;\">20.08.2014 &#8212; Alle zwei Jahre erm\u00f6glicht die Stubete am See in Z\u00fcrich einen umfassenden Blick auf die Szene der Neuen Schweizer Volksmusik. Im September ist es wieder einmal so weit.<\/span><\/p>\n","protected":false},"author":1,"featured_media":0,"comment_status":"open","ping_status":"open","sticky":false,"template":"","format":"standard","meta":{"footnotes":""},"categories":[2],"tags":[],"class_list":["post-1652","post","type-post","status-publish","format-standard","hentry","category-nachrichten","entry"],"_links":{"self":[{"href":"https:\/\/codexflores.ch\/index.php\/wp-json\/wp\/v2\/posts\/1652","targetHints":{"allow":["GET"]}}],"collection":[{"href":"https:\/\/codexflores.ch\/index.php\/wp-json\/wp\/v2\/posts"}],"about":[{"href":"https:\/\/codexflores.ch\/index.php\/wp-json\/wp\/v2\/types\/post"}],"author":[{"embeddable":true,"href":"https:\/\/codexflores.ch\/index.php\/wp-json\/wp\/v2\/users\/1"}],"replies":[{"embeddable":true,"href":"https:\/\/codexflores.ch\/index.php\/wp-json\/wp\/v2\/comments?post=1652"}],"version-history":[{"count":0,"href":"https:\/\/codexflores.ch\/index.php\/wp-json\/wp\/v2\/posts\/1652\/revisions"}],"wp:attachment":[{"href":"https:\/\/codexflores.ch\/index.php\/wp-json\/wp\/v2\/media?parent=1652"}],"wp:term":[{"taxonomy":"category","embeddable":true,"href":"https:\/\/codexflores.ch\/index.php\/wp-json\/wp\/v2\/categories?post=1652"},{"taxonomy":"post_tag","embeddable":true,"href":"https:\/\/codexflores.ch\/index.php\/wp-json\/wp\/v2\/tags?post=1652"}],"curies":[{"name":"wp","href":"https:\/\/api.w.org\/{rel}","templated":true}]}}