{"id":1653,"date":"2014-08-20T06:20:03","date_gmt":"2014-08-20T06:20:03","guid":{"rendered":"https:\/\/codexflores.ch\/index.php\/2014\/08\/20\/bilanz-von-davos-festival-young-artists-in-concert-2014\/"},"modified":"2014-08-20T06:20:03","modified_gmt":"2014-08-20T06:20:03","slug":"bilanz-von-davos-festival-young-artists-in-concert-2014","status":"publish","type":"post","link":"https:\/\/codexflores.ch\/index.php\/2014\/08\/20\/bilanz-von-davos-festival-young-artists-in-concert-2014\/","title":{"rendered":"Bilanz von Davos Festival \u2013 young artists in concert 2014"},"content":{"rendered":"<p><span style=\"font-family: arial,helvetica,sans-serif; font-size: small;\">20.08.2014 &#8212; Rund 3000 Eintritte z\u00e4hlte das diesj\u00e4hrige Davos Festival, was laut einer Mitteilung der Veranstalter einer Steigerung von zehn Prozent gegen\u00fcber dem Vorjahr entspricht. Der Anlass stand dieses Jahr unter dem Thema <em>Halt auf Verlangen<\/em>.<\/span><\/p>\n<p><span style=\"font-family: arial,helvetica,sans-serif; font-size: small;\"><strong>20.08.2014 &#8212; Rund 3000 Eintritte z\u00e4hlte das diesj\u00e4hrige Davos Festival, was laut einer Mitteilung der Veranstalter einer Steigerung von zehn Prozent gegen\u00fcber dem Vorjahr entspricht. Der Anlass stand dieses Jahr unter dem Thema <em>Halt auf Verlangen<\/em>.<\/strong><\/span><\/p>\n<p><span style=\"font-family: arial,helvetica,sans-serif; font-size: small;\">\u00a0<\/span><\/p>\n<p><span style=\"font-family: arial,helvetica,sans-serif; font-size: small;\">Das Festival stand in diesem Jahr erstmals unter der k\u00fcnstlerischen Leitung des Klarinettisten und Kultumanagers Reto Bieri. Composer in Residence war Tigran Mansurian. An \u00fcber 50 Veranstaltungen sei Kammermusik in unterschiedlicher Besetzung und von internationalen Nachwuchstalenten dargeboten worden. Die Neuausrichtung und \u00d6ffnung des Festivals sei vom Publikum gut aufgenommen worden, schreiben die Verantwortlichen.<\/span><\/p>\n<p><span style=\"font-family: arial,helvetica,sans-serif; font-size: small;\">\u00a0<\/span><\/p>\n<p><span style=\"font-family: arial,helvetica,sans-serif; font-size: small;\">Am\u00a0Davos Festival \u2013 young artists in concert trifft sich seit bald 30 Jahren die junge, internationale Klassikszene zu Kammermusik, die von Alter bis Neuer, von komponierter zu improvisierter Musik reicht. Die n\u00e4chste Ausgabe des Festivals findet in den ersten zwei Augustwochen 2015 statt. Das Vorprogramm wird im Herbst erscheinen. <em>(cf)<\/em> <\/span><\/p>\n<p><span style=\"font-family: arial,helvetica,sans-serif; font-size: small;\">\u00a0<\/span><\/p>\n","protected":false},"excerpt":{"rendered":"<p><span style=\"font-family: arial,helvetica,sans-serif; font-size: small;\">20.08.2014 &#8212; Rund 3000 Eintritte z\u00e4hlte das diesj\u00e4hrige Davos Festival, was laut einer Mitteilung der Veranstalter einer Steigerung von zehn Prozent gegen\u00fcber dem Vorjahr entspricht. Der Anlass stand dieses Jahr unter dem Thema <em>Halt auf Verlangen<\/em>.<\/span><\/p>\n","protected":false},"author":1,"featured_media":0,"comment_status":"open","ping_status":"open","sticky":false,"template":"","format":"standard","meta":{"footnotes":""},"categories":[2],"tags":[],"class_list":["post-1653","post","type-post","status-publish","format-standard","hentry","category-nachrichten","entry"],"_links":{"self":[{"href":"https:\/\/codexflores.ch\/index.php\/wp-json\/wp\/v2\/posts\/1653","targetHints":{"allow":["GET"]}}],"collection":[{"href":"https:\/\/codexflores.ch\/index.php\/wp-json\/wp\/v2\/posts"}],"about":[{"href":"https:\/\/codexflores.ch\/index.php\/wp-json\/wp\/v2\/types\/post"}],"author":[{"embeddable":true,"href":"https:\/\/codexflores.ch\/index.php\/wp-json\/wp\/v2\/users\/1"}],"replies":[{"embeddable":true,"href":"https:\/\/codexflores.ch\/index.php\/wp-json\/wp\/v2\/comments?post=1653"}],"version-history":[{"count":0,"href":"https:\/\/codexflores.ch\/index.php\/wp-json\/wp\/v2\/posts\/1653\/revisions"}],"wp:attachment":[{"href":"https:\/\/codexflores.ch\/index.php\/wp-json\/wp\/v2\/media?parent=1653"}],"wp:term":[{"taxonomy":"category","embeddable":true,"href":"https:\/\/codexflores.ch\/index.php\/wp-json\/wp\/v2\/categories?post=1653"},{"taxonomy":"post_tag","embeddable":true,"href":"https:\/\/codexflores.ch\/index.php\/wp-json\/wp\/v2\/tags?post=1653"}],"curies":[{"name":"wp","href":"https:\/\/api.w.org\/{rel}","templated":true}]}}