{"id":1655,"date":"2014-08-21T05:55:30","date_gmt":"2014-08-21T05:55:30","guid":{"rendered":"https:\/\/codexflores.ch\/index.php\/2014\/08\/21\/boswil-erteilt-studienauftrag-an-gian-studienauftrag\/"},"modified":"2014-08-21T05:55:30","modified_gmt":"2014-08-21T05:55:30","slug":"boswil-erteilt-studienauftrag-an-gian-studienauftrag","status":"publish","type":"post","link":"https:\/\/codexflores.ch\/index.php\/2014\/08\/21\/boswil-erteilt-studienauftrag-an-gian-studienauftrag\/","title":{"rendered":"Boswil erteilt Studienauftrag an Gian Salis"},"content":{"rendered":"<p><span style=\"font-family: arial,helvetica,sans-serif; font-size: small;\">21.08.2014 &#8212; Der historische Kirchenbezirk des K\u00fcnstlerhauses Boswil soll neu gestaltet werden. Ein Projekt des Z\u00fcrcher Architekten Gian Salis hat den entsprechenden Studienauftrag zum Bau eines Foyers und zum Umbau des historischen Sigristenhauses gewonnen.<\/span><\/p>\n<p><span style=\"font-family: arial,helvetica,sans-serif; font-size: small;\"><strong>21.08.2014 &#8212; Der historische Kirchenbezirk des K\u00fcnstlerhauses Boswil soll neu gestaltet werden. Ein Projekt des Z\u00fcrcher Architekten Gian Salis hat den <span style=\"font-family: arial,helvetica,sans-serif; font-size: small;\">entsprechenden <\/span>Studienauftrag zum Bau eines Foyers und zum Umbau des historischen Sigristenhauses gewonnen.<\/strong><\/span><\/p>\n<p>\u00a0<\/p>\n<p><span style=\"font-family: arial,helvetica,sans-serif; font-size: small;\">Das Konzept von Gian Salis sieht f\u00fcr das Kirchenfoyer einen auf drei Seiten verglasten, grossz\u00fcgigen Pavillon mit leicht geneigtem Pultdach vor, dessen verglaste Fassade auf einem Betonbalken \u00fcber der mittelalterlichen Turmruine ruht. Die sich seitlich g\u00e4nzlich \u00f6ffnenden T\u00fcrfl\u00fcgel lassen eine Zirkulation durch das Foyer hindurch um die Alte Kirche Boswil zu.<\/span><\/p>\n<p>\u00a0<\/p>\n<p><span style=\"font-family: arial,helvetica,sans-serif; font-size: small;\">Im Sigristenhaus werden zwei grosse Arbeitsr\u00e4ume mit Raumh\u00f6hen bis unter die jeweiligen Giebel der grossen Dachvolumen eingerichtet. Im ehemaligen Tenn findet die gesamte Vertikalerschliessung mit metallener Treppenanlage und Liftturm Platz. So entsteht ein teilweise mehrst\u00f6ckiges Foyer, das von aussen durch ein grosses Metall-Glas-Tor sichtbar zug\u00e4nglich gemacht wird.<\/span><\/p>\n<p><span style=\"font-family: arial,helvetica,sans-serif; font-size: small;\">\u00a0<\/span><\/p>\n<p><span style=\"font-family: arial,helvetica,sans-serif; font-size: small;\">Im M\u00e4rz dieses Jahr wurden die f\u00fcnf B\u00fcros Bakker Blanc, Boa Baumann, Bosshard Vaquer, Gian Salis und V\u00e9csey Schmidt eingeladen, an dem Wettbewerb teilzunehmen. Der Gewinner Gian Salis verf\u00fcgt seit 2008 \u00fcber ein eigenes B\u00fcro in Z\u00fcrich. Von 2005 bis 2008 war er Projektleiter im Atelier Peter Zumthor in Haldenstein. Seit 2012 wirkt er als Dozent an der ETH Z\u00fcrich. <em>(cf)<\/em><\/span><\/p>\n<p>\u00a0<\/p>\n","protected":false},"excerpt":{"rendered":"<p><span style=\"font-family: arial,helvetica,sans-serif; font-size: small;\">21.08.2014 &#8212; Der historische Kirchenbezirk des K\u00fcnstlerhauses Boswil soll neu gestaltet werden. Ein Projekt des Z\u00fcrcher Architekten Gian Salis hat den entsprechenden Studienauftrag zum Bau eines Foyers und zum Umbau des historischen Sigristenhauses gewonnen.<\/span><\/p>\n","protected":false},"author":1,"featured_media":0,"comment_status":"open","ping_status":"open","sticky":false,"template":"","format":"standard","meta":{"footnotes":""},"categories":[2],"tags":[],"class_list":["post-1655","post","type-post","status-publish","format-standard","hentry","category-nachrichten","entry"],"_links":{"self":[{"href":"https:\/\/codexflores.ch\/index.php\/wp-json\/wp\/v2\/posts\/1655","targetHints":{"allow":["GET"]}}],"collection":[{"href":"https:\/\/codexflores.ch\/index.php\/wp-json\/wp\/v2\/posts"}],"about":[{"href":"https:\/\/codexflores.ch\/index.php\/wp-json\/wp\/v2\/types\/post"}],"author":[{"embeddable":true,"href":"https:\/\/codexflores.ch\/index.php\/wp-json\/wp\/v2\/users\/1"}],"replies":[{"embeddable":true,"href":"https:\/\/codexflores.ch\/index.php\/wp-json\/wp\/v2\/comments?post=1655"}],"version-history":[{"count":0,"href":"https:\/\/codexflores.ch\/index.php\/wp-json\/wp\/v2\/posts\/1655\/revisions"}],"wp:attachment":[{"href":"https:\/\/codexflores.ch\/index.php\/wp-json\/wp\/v2\/media?parent=1655"}],"wp:term":[{"taxonomy":"category","embeddable":true,"href":"https:\/\/codexflores.ch\/index.php\/wp-json\/wp\/v2\/categories?post=1655"},{"taxonomy":"post_tag","embeddable":true,"href":"https:\/\/codexflores.ch\/index.php\/wp-json\/wp\/v2\/tags?post=1655"}],"curies":[{"name":"wp","href":"https:\/\/api.w.org\/{rel}","templated":true}]}}