{"id":1656,"date":"2014-08-21T06:03:36","date_gmt":"2014-08-21T06:03:36","guid":{"rendered":"https:\/\/codexflores.ch\/index.php\/2014\/08\/21\/koelner-philharmonie-verlaengert-vertrag-mit-langevoort\/"},"modified":"2014-08-21T06:03:36","modified_gmt":"2014-08-21T06:03:36","slug":"koelner-philharmonie-verlaengert-vertrag-mit-langevoort","status":"publish","type":"post","link":"https:\/\/codexflores.ch\/index.php\/2014\/08\/21\/koelner-philharmonie-verlaengert-vertrag-mit-langevoort\/","title":{"rendered":"K\u00f6lner Philharmonie verl\u00e4ngert Vertrag mit Langevoort"},"content":{"rendered":"<p><span style=\"font-family: arial,helvetica,sans-serif; font-size: small;\">21.08.2014 &#8212; Der Aufsichtsrat der K\u00f6lnMusik GmbH verl\u00e4ngert den Vertrag des Intendant Louwrens Langevoort der K\u00f6lner Philharmonie um weitere f\u00fcnf Jahre.<\/span><\/p>\n<p><span style=\"font-family: arial,helvetica,sans-serif; font-size: small;\"><strong>21.08.2014 &#8212; Der Aufsichtsrat der K\u00f6lnMusik GmbH verl\u00e4ngert den Vertrag des Intendant Louwrens Langevoort der K\u00f6lner Philharmonie um weitere f\u00fcnf Jahre.<\/strong><\/span><\/p>\n<p><span style=\"font-family: arial,helvetica,sans-serif; font-size: small;\">\u00a0<\/span><\/p>\n<p><span style=\"color: #000000; font-family: arial,helvetica,sans-serif; font-size: small;\">Langevoorts laufender Vertrag endet am 31. Juli 2015, der neue Vertrag ist auf f\u00fcnf Jahre, bis zum 31. Juli 2020, ausgelegt. Die Verl\u00e4ngerung wird formell wirksam nach <span style=\"color: #000000;\">der Zustimmung durch die Gesellschafterversammlung, die Anfang September tagt. <br \/><\/span><\/span><\/p>\n<p><span style=\"color: #000000; font-family: arial,helvetica,sans-serif; font-size: small;\"><span style=\"color: #000000;\">\u00a0<\/span><\/span><\/p>\n<p><span style=\"color: #000000; font-family: arial,helvetica,sans-serif; font-size: small;\"><span style=\"color: #000000;\"><span style=\"color: #000000;\"><span style=\"color: #000000;\">Langevoort\u00a0 <\/span><\/span>tr\u00e4gt seit der Saison 2005\/2006 als Intendant der K\u00f6lner Philharmonie die Verantwortung f\u00fcr alle Belange der K\u00f6lnMusik GmbH. Der Jurist und Musikmanager war zuvor Opernintendant der Hamburgischen Staatsoper sowie\u00a0 langj\u00e4hriger Intendant und Gesch\u00e4ftsf\u00fchrender Direktor der Nationalen Reisopera der Niederlande. <em>(cf)<\/em> <br \/><\/span><\/span><\/p>\n<p><span style=\"font-family: arial,helvetica,sans-serif; font-size: small;\">\u00a0<\/span><\/p>\n","protected":false},"excerpt":{"rendered":"<p><span style=\"font-family: arial,helvetica,sans-serif; font-size: small;\">21.08.2014 &#8212; Der Aufsichtsrat der K\u00f6lnMusik GmbH verl\u00e4ngert den Vertrag des Intendant Louwrens Langevoort der K\u00f6lner Philharmonie um weitere f\u00fcnf Jahre.<\/span><\/p>\n","protected":false},"author":1,"featured_media":0,"comment_status":"open","ping_status":"open","sticky":false,"template":"","format":"standard","meta":{"footnotes":""},"categories":[2],"tags":[],"class_list":["post-1656","post","type-post","status-publish","format-standard","hentry","category-nachrichten","entry"],"_links":{"self":[{"href":"https:\/\/codexflores.ch\/index.php\/wp-json\/wp\/v2\/posts\/1656","targetHints":{"allow":["GET"]}}],"collection":[{"href":"https:\/\/codexflores.ch\/index.php\/wp-json\/wp\/v2\/posts"}],"about":[{"href":"https:\/\/codexflores.ch\/index.php\/wp-json\/wp\/v2\/types\/post"}],"author":[{"embeddable":true,"href":"https:\/\/codexflores.ch\/index.php\/wp-json\/wp\/v2\/users\/1"}],"replies":[{"embeddable":true,"href":"https:\/\/codexflores.ch\/index.php\/wp-json\/wp\/v2\/comments?post=1656"}],"version-history":[{"count":0,"href":"https:\/\/codexflores.ch\/index.php\/wp-json\/wp\/v2\/posts\/1656\/revisions"}],"wp:attachment":[{"href":"https:\/\/codexflores.ch\/index.php\/wp-json\/wp\/v2\/media?parent=1656"}],"wp:term":[{"taxonomy":"category","embeddable":true,"href":"https:\/\/codexflores.ch\/index.php\/wp-json\/wp\/v2\/categories?post=1656"},{"taxonomy":"post_tag","embeddable":true,"href":"https:\/\/codexflores.ch\/index.php\/wp-json\/wp\/v2\/tags?post=1656"}],"curies":[{"name":"wp","href":"https:\/\/api.w.org\/{rel}","templated":true}]}}