{"id":1657,"date":"2014-08-21T06:31:54","date_gmt":"2014-08-21T06:31:54","guid":{"rendered":"https:\/\/codexflores.ch\/index.php\/2014\/08\/21\/18-jaehriger-wird-trompeter-der-berliner-philharmoniker\/"},"modified":"2014-08-21T06:31:54","modified_gmt":"2014-08-21T06:31:54","slug":"18-jaehriger-wird-trompeter-der-berliner-philharmoniker","status":"publish","type":"post","link":"https:\/\/codexflores.ch\/index.php\/2014\/08\/21\/18-jaehriger-wird-trompeter-der-berliner-philharmoniker\/","title":{"rendered":"18-J\u00e4hriger wird Trompeter der Berliner Philharmoniker"},"content":{"rendered":"<p><span style=\"font-family: arial,helvetica,sans-serif; font-size: small;\">21.08.2014 &#8212; Die Berliner Philharmoniker haben einen neuen zweiten Trompeter. Das w\u00e4re nicht so spektakul\u00e4r, w\u00e4re der Neuzugang nicht gerade mal 18-j\u00e4hrig. Es handelt sich um den \u00d6sterreicher Florian Pichler.<\/span><\/p>\n<p><span style=\"font-family: arial,helvetica,sans-serif; font-size: small;\"><strong>21.08.2014 &#8212; Die Berliner Philharmoniker haben einen neuen zweiten Trompeter. Das w\u00e4re nicht so spektakul\u00e4r, w\u00e4re der Neuzugang nicht gerade mal 18-j\u00e4hrig. Es handelt sich um den \u00d6sterreicher Florian Pichler.<\/strong><\/span><\/p>\n<p><span style=\"font-family: arial,helvetica,sans-serif; font-size: small;\">\u00a0<\/span><\/p>\n<p><span style=\"font-family: arial,helvetica,sans-serif; font-size: small;\">Pichler, der Sohn eines Trompeters, begann laut der Webseite der Berliner Philharmoniker seine Ausbildung im Alter von sieben Jahren. Noch w\u00e4hrend er das Musikgymnasium Obersch\u00fctzen besuchte, wurde er an der Kunstuniversit\u00e4t Graz Sch\u00fcler von Franz T\u00f6sch, Solo-Trompeter des ORF Radio-Symphonie Orchesters Wien. 2012 setzte er seine Studien am Wiener Konservatorium bei Johann Plank fort. <\/span><\/p>\n<p>\u00a0<\/p>\n<p><span style=\"font-family: arial,helvetica,sans-serif; font-size: small;\">Erste Orchestererfahrungen sammelte Pichler, der 2011 erste Preise beim \u00f6sterreichischen Jugendmusikwettbewerb Prima la Musica gewann, bei den Orchestern der Wiener Staatsoper und der Wiener Volksoper, dem ORF Radio-Symphonie Orchester Wien und dem Grazer Philharmonischen Orchester. <em>(cf)<\/em><\/span><\/p>\n<p><span style=\"font-family: arial,helvetica,sans-serif; font-size: small;\">\u00a0<\/span><\/p>\n<p>\u00a0<\/p>\n","protected":false},"excerpt":{"rendered":"<p><span style=\"font-family: arial,helvetica,sans-serif; font-size: small;\">21.08.2014 &#8212; Die Berliner Philharmoniker haben einen neuen zweiten Trompeter. Das w\u00e4re nicht so spektakul\u00e4r, w\u00e4re der Neuzugang nicht gerade mal 18-j\u00e4hrig. Es handelt sich um den \u00d6sterreicher Florian Pichler.<\/span><\/p>\n","protected":false},"author":1,"featured_media":0,"comment_status":"open","ping_status":"open","sticky":false,"template":"","format":"standard","meta":{"footnotes":""},"categories":[2],"tags":[],"class_list":["post-1657","post","type-post","status-publish","format-standard","hentry","category-nachrichten","entry"],"_links":{"self":[{"href":"https:\/\/codexflores.ch\/index.php\/wp-json\/wp\/v2\/posts\/1657","targetHints":{"allow":["GET"]}}],"collection":[{"href":"https:\/\/codexflores.ch\/index.php\/wp-json\/wp\/v2\/posts"}],"about":[{"href":"https:\/\/codexflores.ch\/index.php\/wp-json\/wp\/v2\/types\/post"}],"author":[{"embeddable":true,"href":"https:\/\/codexflores.ch\/index.php\/wp-json\/wp\/v2\/users\/1"}],"replies":[{"embeddable":true,"href":"https:\/\/codexflores.ch\/index.php\/wp-json\/wp\/v2\/comments?post=1657"}],"version-history":[{"count":0,"href":"https:\/\/codexflores.ch\/index.php\/wp-json\/wp\/v2\/posts\/1657\/revisions"}],"wp:attachment":[{"href":"https:\/\/codexflores.ch\/index.php\/wp-json\/wp\/v2\/media?parent=1657"}],"wp:term":[{"taxonomy":"category","embeddable":true,"href":"https:\/\/codexflores.ch\/index.php\/wp-json\/wp\/v2\/categories?post=1657"},{"taxonomy":"post_tag","embeddable":true,"href":"https:\/\/codexflores.ch\/index.php\/wp-json\/wp\/v2\/tags?post=1657"}],"curies":[{"name":"wp","href":"https:\/\/api.w.org\/{rel}","templated":true}]}}