{"id":1661,"date":"2014-08-25T06:02:05","date_gmt":"2014-08-25T06:02:05","guid":{"rendered":"https:\/\/codexflores.ch\/index.php\/2014\/08\/25\/startup-weekend-fuer-die-kreativwirtschaft\/"},"modified":"2014-08-25T06:02:05","modified_gmt":"2014-08-25T06:02:05","slug":"startup-weekend-fuer-die-kreativwirtschaft","status":"publish","type":"post","link":"https:\/\/codexflores.ch\/index.php\/2014\/08\/25\/startup-weekend-fuer-die-kreativwirtschaft\/","title":{"rendered":"Startup-Weekend f\u00fcr die Kreativwirtschaft"},"content":{"rendered":"<p><span style=\"font-family: arial,helvetica,sans-serif; font-size: small;\">25.08.2014 &#8212; Im Oktober findet in Z\u00fcrich der erste Jungunternehmeranlass explizit f\u00fcr die Kreativwirtschaft statt. 100 Teilnehmende entwickeln im ewz Selnau begleitet von Coaches und Experten neue Gesch\u00e4ftsideen im Bereich Kunst und Kultur.<\/span><\/p>\n<p><span style=\"font-family: arial,helvetica,sans-serif; font-size: small;\"><strong>25.08.2014 &#8212; Im Oktober findet in Z\u00fcrich der erste Jungunternehmeranlass explizit f\u00fcr die Kreativwirtschaft statt. 100 Teilnehmende entwickeln im ewz Selnau begleitet von Coaches und Experten neue Gesch\u00e4ftsideen im Bereich Kunst und Kultur.<\/strong><\/span><\/p>\n<p><span style=\"font-family: arial,helvetica,sans-serif; font-size: small;\">\u00a0<\/span><\/p>\n<p><span style=\"font-family: arial,helvetica,sans-serif; font-size: small;\">Das Startup Weekend (3.-5.Oktober) ist ein Nonstop-Entrepreneurship-Anlass, an dem gezielte Inputs, Vernetzung und Arbeiten im Vordergrund stehen. Die Teilnehmenden durchlaufen den gesamten Prozess der Schaffung eines Startups an einem Wochenende, von Freitag- bis Sonntagabend, und werden dabei von einem professionellen Team sowie namhaften Experten im Hinblick auf Finanzierung, Marketing, Strategie und Umsetzbarkeit unterst\u00fctzt. Am Schluss pr\u00e4sentieren sie ihre Gesch\u00e4ftsmodelle einer Jury aus Investoren und Experten.\u00a0<\/span><\/p>\n<p><span style=\"font-family: arial,helvetica,sans-serif; font-size: small;\">\u00a0<\/span><\/p>\n<p><span style=\"font-family: arial,helvetica,sans-serif; font-size: small;\">Unterst\u00fctzt werden die Teilnehmer von einem Team aus Studierenden, die den Anlass operativ umsetzen, und einem Beirat. Sponsoren sind das Migros Engagement und Pro Helvetia, aber auch die Standortf\u00f6rderung des Kantons und der Stadt Z\u00fcrich, Vertreter der Hochschulen sowie unterschiedliche Kulturunternehmer. Die Gebert R\u00fcf Stiftung leistet dar\u00fcber hinaus einen finanziellen Beitrag. (cf)<\/span><\/p>\n<p><span style=\"font-family: arial,helvetica,sans-serif; font-size: small;\"><br \/><strong>Mehr Infos:<\/strong><\/span><br \/><span style=\"font-family: arial,helvetica,sans-serif; font-size: small;\"><a href=\"http:\/\/www.sw-creativebusiness.org\" target=\"_blank\" rel=\"noopener noreferrer\">www.sw-creativebusiness.org<\/a><\/span><\/p>\n<p><span style=\"font-family: arial,helvetica,sans-serif; font-size: small;\">\u00a0<\/span><\/p>\n<p><span style=\"font-family: arial,helvetica,sans-serif; font-size: small;\">\u00a0<\/span><\/p>\n","protected":false},"excerpt":{"rendered":"<p><span style=\"font-family: arial,helvetica,sans-serif; font-size: small;\">25.08.2014 &#8212; Im Oktober findet in Z\u00fcrich der erste Jungunternehmeranlass explizit f\u00fcr die Kreativwirtschaft statt. 100 Teilnehmende entwickeln im ewz Selnau begleitet von Coaches und Experten neue Gesch\u00e4ftsideen im Bereich Kunst und Kultur.<\/span><\/p>\n","protected":false},"author":1,"featured_media":0,"comment_status":"open","ping_status":"open","sticky":false,"template":"","format":"standard","meta":{"footnotes":""},"categories":[2],"tags":[],"class_list":["post-1661","post","type-post","status-publish","format-standard","hentry","category-nachrichten","entry"],"_links":{"self":[{"href":"https:\/\/codexflores.ch\/index.php\/wp-json\/wp\/v2\/posts\/1661","targetHints":{"allow":["GET"]}}],"collection":[{"href":"https:\/\/codexflores.ch\/index.php\/wp-json\/wp\/v2\/posts"}],"about":[{"href":"https:\/\/codexflores.ch\/index.php\/wp-json\/wp\/v2\/types\/post"}],"author":[{"embeddable":true,"href":"https:\/\/codexflores.ch\/index.php\/wp-json\/wp\/v2\/users\/1"}],"replies":[{"embeddable":true,"href":"https:\/\/codexflores.ch\/index.php\/wp-json\/wp\/v2\/comments?post=1661"}],"version-history":[{"count":0,"href":"https:\/\/codexflores.ch\/index.php\/wp-json\/wp\/v2\/posts\/1661\/revisions"}],"wp:attachment":[{"href":"https:\/\/codexflores.ch\/index.php\/wp-json\/wp\/v2\/media?parent=1661"}],"wp:term":[{"taxonomy":"category","embeddable":true,"href":"https:\/\/codexflores.ch\/index.php\/wp-json\/wp\/v2\/categories?post=1661"},{"taxonomy":"post_tag","embeddable":true,"href":"https:\/\/codexflores.ch\/index.php\/wp-json\/wp\/v2\/tags?post=1661"}],"curies":[{"name":"wp","href":"https:\/\/api.w.org\/{rel}","templated":true}]}}