{"id":1662,"date":"2014-08-25T06:33:41","date_gmt":"2014-08-25T06:33:41","guid":{"rendered":"https:\/\/codexflores.ch\/index.php\/2014\/08\/25\/gianandrea-noseda-will-turin-verlassen\/"},"modified":"2014-08-25T06:33:41","modified_gmt":"2014-08-25T06:33:41","slug":"gianandrea-noseda-will-turin-verlassen","status":"publish","type":"post","link":"https:\/\/codexflores.ch\/index.php\/2014\/08\/25\/gianandrea-noseda-will-turin-verlassen\/","title":{"rendered":"Gianandrea Noseda will Turin verlassen"},"content":{"rendered":"<p>25.08.2014 &#8212; Gianandrea Noseda will seinen Vertrag als musikalischer Leiter des Teatro Regio in Turin nicht verl\u00e4ngern, weil er sich mit der Direktion des Hauses in Person des Sovrintendente Walter Vergnano offensichtlich nicht versteht. Letzterer wiederum versteht Nosedas Entscheid nicht.<\/p>\n<p><strong>25.08.2014 &#8212; Gianandrea Noseda will seinen Vertrag als musikalischer Leiter des Teatro Regio in Turin nicht verl\u00e4ngern, weil er sich mit der Direktion des Hauses in Person des Sovrintendente Walter Vergnano offensichtlich nicht versteht. Letzterer wiederum versteht Nosedas Entscheid nicht.<\/strong><\/p>\n<p>\u00a0<\/p>\n<p>In der italienischen Presse gehen die Wogen nach Nosedas Ank\u00fcndigung hoch. Laut ilokalen Berichten ist Noseda h\u00f6chstens bereit, als Gastdirigent in Turin weiter t\u00e4tig zu sein, solange im Haus keine neuer Gesch\u00e4ftsf\u00fchrer installiert wird. Laut Aussagen in der <em>New York Times<\/em> zeigt sich Noseda entt\u00e4uscht dar\u00fcber, dass Vergnano zu wenig unternimmt, um das exzellente k\u00fcnstlerische Niveau des Hauses international sichtbarer zu machen.<\/p>\n<p>\u00a0<\/p>\n<p>Den Vorwurf verstehrt Vergnano wiederum nicht. In verschiedenen Medien versichert er, er habe sich nie gegen Tourneepl\u00e4ne oder andere Massnahmen gewehrt, m\u00fcsse aber die schwierige finanzielle Situation des Hauses im Auge behalten. <em>(cf)<\/em><\/p>\n<p>\u00a0<\/p>\n","protected":false},"excerpt":{"rendered":"<p>25.08.2014 &#8212; Gianandrea Noseda will seinen Vertrag als musikalischer Leiter des Teatro Regio in Turin nicht verl\u00e4ngern, weil er sich mit der Direktion des Hauses in Person des Sovrintendente Walter Vergnano offensichtlich nicht versteht. Letzterer wiederum versteht Nosedas Entscheid nicht.<\/p>\n","protected":false},"author":1,"featured_media":0,"comment_status":"open","ping_status":"open","sticky":false,"template":"","format":"standard","meta":{"footnotes":""},"categories":[2],"tags":[],"class_list":["post-1662","post","type-post","status-publish","format-standard","hentry","category-nachrichten","entry"],"_links":{"self":[{"href":"https:\/\/codexflores.ch\/index.php\/wp-json\/wp\/v2\/posts\/1662","targetHints":{"allow":["GET"]}}],"collection":[{"href":"https:\/\/codexflores.ch\/index.php\/wp-json\/wp\/v2\/posts"}],"about":[{"href":"https:\/\/codexflores.ch\/index.php\/wp-json\/wp\/v2\/types\/post"}],"author":[{"embeddable":true,"href":"https:\/\/codexflores.ch\/index.php\/wp-json\/wp\/v2\/users\/1"}],"replies":[{"embeddable":true,"href":"https:\/\/codexflores.ch\/index.php\/wp-json\/wp\/v2\/comments?post=1662"}],"version-history":[{"count":0,"href":"https:\/\/codexflores.ch\/index.php\/wp-json\/wp\/v2\/posts\/1662\/revisions"}],"wp:attachment":[{"href":"https:\/\/codexflores.ch\/index.php\/wp-json\/wp\/v2\/media?parent=1662"}],"wp:term":[{"taxonomy":"category","embeddable":true,"href":"https:\/\/codexflores.ch\/index.php\/wp-json\/wp\/v2\/categories?post=1662"},{"taxonomy":"post_tag","embeddable":true,"href":"https:\/\/codexflores.ch\/index.php\/wp-json\/wp\/v2\/tags?post=1662"}],"curies":[{"name":"wp","href":"https:\/\/api.w.org\/{rel}","templated":true}]}}