{"id":1665,"date":"2014-08-26T06:40:58","date_gmt":"2014-08-26T06:40:58","guid":{"rendered":"https:\/\/codexflores.ch\/index.php\/2014\/08\/26\/paavo-jarvi-verlaengert-seinen-pariser-vertrag-nicht\/"},"modified":"2014-08-26T06:40:58","modified_gmt":"2014-08-26T06:40:58","slug":"paavo-jarvi-verlaengert-seinen-pariser-vertrag-nicht","status":"publish","type":"post","link":"https:\/\/codexflores.ch\/index.php\/2014\/08\/26\/paavo-jarvi-verlaengert-seinen-pariser-vertrag-nicht\/","title":{"rendered":"Paavo J\u00e4rvi verl\u00e4ngert seinen Pariser Vertrag nicht"},"content":{"rendered":"<p>26.08.2014 &#8212; Wie er auf seiner Facebook-Seite selber schreibt, wird der Dirigent Paavo J\u00e4rvi seinen Vertrag als musikalischer Leiter des Orchestre de Paris nicht verl\u00e4ngern. Er wolle sich auf sein 2015 beginnendes Engagement beim <span class=\"userContent\" data-ft=\"{&quot;tn&quot;:&quot;K&quot;}\"><span class=\"text_exposed_show\">NHK Symphony Orchestra in Tokio konzentrieren.<\/span><\/span><\/p>\n<p><strong><span class=\"userContent\" data-ft=\"{&quot;tn&quot;:&quot;K&quot;}\"><span class=\"text_exposed_show\">26.08.2014 &#8212; <span class=\"userContent\" data-ft=\"{&quot;tn&quot;:&quot;K&quot;}\"><span class=\"text_exposed_show\">Wie er auf seiner Facebook-Seite selber schreibt, wird der Dirigent Paavo J\u00e4rvi seinen Vertrag als musikalischer Leiter des Orchestre de Paris nicht verl\u00e4ngern. Er wolle sich auf sein 2015 beginnendes Engagement beim <span class=\"userContent\" data-ft=\"{&quot;tn&quot;:&quot;K&quot;}\"><span class=\"text_exposed_show\">NHK Symphony Orchestra in Tokio konzentrieren.<\/span><\/span><\/span><\/span><\/span><\/span><\/strong><\/p>\n<p><span class=\"userContent\" data-ft=\"{&quot;tn&quot;:&quot;K&quot;}\"><span class=\"text_exposed_show\"><span class=\"userContent\" data-ft=\"{&quot;tn&quot;:&quot;K&quot;}\"><span class=\"text_exposed_show\"><span class=\"userContent\" data-ft=\"{&quot;tn&quot;:&quot;K&quot;}\"><span class=\"text_exposed_show\">\u00a0<\/span><\/span><\/span><\/span><\/span><\/span><\/p>\n<p><span class=\"userContent\" data-ft=\"{&quot;tn&quot;:&quot;K&quot;}\"><span class=\"text_exposed_show\"><span class=\"userContent\" data-ft=\"{&quot;tn&quot;:&quot;K&quot;}\"><span class=\"text_exposed_show\"><span class=\"userContent\" data-ft=\"{&quot;tn&quot;:&quot;K&quot;}\"><span class=\"text_exposed_show\">J\u00e4rvi ist seit 2010 Orchesterchef in Paris. Der entsprechende Vertrag l\u00e4uft auf Ende der Saison 2015\/2016 aus. Ab H<\/span><\/span><\/span><\/span><\/span><\/span>erbst 2015 amtet J\u00e4rvi als musikalischer Leiter in Tokio. Zudem ist er als K\u00fcnstlerischer Leiter auch eng mit der Deutschen Kammerphilharmonie Bremen verbunden.<\/p>\n<p>\u00a0<\/p>\n<p>Das Fachmagazin <em>Resmusica<\/em> glaubt zu wissen, dass ein Grund f\u00fcr J\u00e4rvis Entschied ein eher angespanntes Verh\u00e4ltnis zu Bruno Hamard, dem Gesch\u00e4ftsf\u00fchrer des Orchestre de Paris, sein d\u00fcrfte. Auch die unsichere Zukunft der neuerbauten Philharmonie de Paris d\u00fcrfte laut<em> Resmusica<\/em> zum Entscheid beigetragen haben. Das Wirken J\u00e4rvis sei in Paris aber ein \u00abimmenser Erfolg\u00bb gewesen. (cf)<\/p>\n<p><span class=\"userContent\" data-ft=\"{&quot;tn&quot;:&quot;K&quot;}\"><span class=\"text_exposed_show\"><span class=\"userContent\" data-ft=\"{&quot;tn&quot;:&quot;K&quot;}\"><span class=\"text_exposed_show\">\u00a0<\/span><\/span><\/span><\/span><\/p>\n","protected":false},"excerpt":{"rendered":"<p>26.08.2014 &#8212; Wie er auf seiner Facebook-Seite selber schreibt, wird der Dirigent Paavo J\u00e4rvi seinen Vertrag als musikalischer Leiter des Orchestre de Paris nicht verl\u00e4ngern. Er wolle sich auf sein 2015 beginnendes Engagement beim <span class=\"userContent\" data-ft=\"{&quot;tn&quot;:&quot;K&quot;}\"><span class=\"text_exposed_show\">NHK Symphony Orchestra in Tokio konzentrieren.<\/span><\/span><\/p>\n","protected":false},"author":1,"featured_media":0,"comment_status":"open","ping_status":"open","sticky":false,"template":"","format":"standard","meta":{"footnotes":""},"categories":[2],"tags":[],"class_list":["post-1665","post","type-post","status-publish","format-standard","hentry","category-nachrichten","entry"],"_links":{"self":[{"href":"https:\/\/codexflores.ch\/index.php\/wp-json\/wp\/v2\/posts\/1665","targetHints":{"allow":["GET"]}}],"collection":[{"href":"https:\/\/codexflores.ch\/index.php\/wp-json\/wp\/v2\/posts"}],"about":[{"href":"https:\/\/codexflores.ch\/index.php\/wp-json\/wp\/v2\/types\/post"}],"author":[{"embeddable":true,"href":"https:\/\/codexflores.ch\/index.php\/wp-json\/wp\/v2\/users\/1"}],"replies":[{"embeddable":true,"href":"https:\/\/codexflores.ch\/index.php\/wp-json\/wp\/v2\/comments?post=1665"}],"version-history":[{"count":0,"href":"https:\/\/codexflores.ch\/index.php\/wp-json\/wp\/v2\/posts\/1665\/revisions"}],"wp:attachment":[{"href":"https:\/\/codexflores.ch\/index.php\/wp-json\/wp\/v2\/media?parent=1665"}],"wp:term":[{"taxonomy":"category","embeddable":true,"href":"https:\/\/codexflores.ch\/index.php\/wp-json\/wp\/v2\/categories?post=1665"},{"taxonomy":"post_tag","embeddable":true,"href":"https:\/\/codexflores.ch\/index.php\/wp-json\/wp\/v2\/tags?post=1665"}],"curies":[{"name":"wp","href":"https:\/\/api.w.org\/{rel}","templated":true}]}}