{"id":1666,"date":"2014-08-27T05:42:24","date_gmt":"2014-08-27T05:42:24","guid":{"rendered":"https:\/\/codexflores.ch\/index.php\/2014\/08\/27\/berliner-philharmoniker-stuetzen-rundfunkchor-berlin\/"},"modified":"2014-08-27T05:42:24","modified_gmt":"2014-08-27T05:42:24","slug":"berliner-philharmoniker-stuetzen-rundfunkchor-berlin","status":"publish","type":"post","link":"https:\/\/codexflores.ch\/index.php\/2014\/08\/27\/berliner-philharmoniker-stuetzen-rundfunkchor-berlin\/","title":{"rendered":"Berliner Philharmoniker st\u00fctzen Rundfunkchor Berlin"},"content":{"rendered":"<p><span style=\"font-family: arial,helvetica,sans-serif; font-size: small;\">27.08.2014 &#8212; Die Berliner Philharmoniker und ihr Chefdirigent Sir Simon Rattle zeigen sich solidarisch mit dem Rundfunkchor Berlin, der wegen eines fehlenden Tarifvertrages in Streik getreten ist.<\/span><\/p>\n<p><span style=\"font-family: arial,helvetica,sans-serif; font-size: small;\"><strong>27.08.2014 &#8212; Die Berliner Philharmoniker und ihr Chefdirigent Sir Simon Rattle zeigen sich solidarisch mit dem Rundfunkchor Berlin, der wegen eines fehlenden Tarifvertrages in Streik getreten ist.<\/strong><\/span><\/p>\n<p><span style=\"font-family: arial,helvetica,sans-serif; font-size: small;\">\u00a0<\/span><\/p>\n<p><span style=\"font-family: arial,helvetica,sans-serif; font-size: small;\">Die Chormitglieder haben ihre Arbeit kurz vor der Sommerpause niedergelegt. Der Streik ist nun vorl\u00e4ufig ausgesetzt worden, damit\u00a0 Konzerte mit den Berliner Philharmonikern nicht abgesagt werden m\u00fcssen. Der Rundfunkchor Berlin arbeitet laut der Deutschen Orchestervereinigung (DOV) seit 21 Jahren ohne g\u00fcltigen Tarifvertrag.<\/span><\/p>\n<p><span style=\"font-family: arial,helvetica,sans-serif; font-size: small;\">\u00a0<\/span><\/p>\n<p><span style=\"font-family: arial,helvetica,sans-serif; font-size: small;\">Die letzte Gehaltsanpassung sei vor zehn Jahren vorgenommen worden. Seit \u00fcber zwei Jahren f\u00fchrten die DOV und der Deutsche B\u00fchnenverein Vertragsverhandlungen, die in einen unterschriftsreifen Tarifvertrag m\u00fcndeten. Die Unterschrift sei aber \u00fcberraschend verweigert worden.<\/span><\/p>\n<p><span style=\"font-family: arial,helvetica,sans-serif; font-size: small;\">\u00a0<\/span><\/p>\n<p><span style=\"font-family: arial,helvetica,sans-serif; font-size: small;\">Das Rundfunk-Sinfonieorchester (RSB) und das Deutsche Symphonie-Orchester (DSO), die beiden Orchester, die wie der Chor bei demselben Arbeitgeber roc (Rundfunk-Orchester und -Ch\u00f6re GmbH Berlin) besch\u00e4ftigt sind, h\u00e4tten demgegen\u00fcber alle Lohnsteigerungen erhalten, erkl\u00e4rt DOV-Gesch\u00e4ftsf\u00fchrer Gerald Mertens. <em>(cf)<\/em><\/span><\/p>\n<p><span style=\"font-family: arial,helvetica,sans-serif; font-size: small;\">\u00a0<\/span><\/p>\n<p>\u00a0<\/p>\n<p>\u00a0<\/p>\n","protected":false},"excerpt":{"rendered":"<p><span style=\"font-family: arial,helvetica,sans-serif; font-size: small;\">27.08.2014 &#8212; Die Berliner Philharmoniker und ihr Chefdirigent Sir Simon Rattle zeigen sich solidarisch mit dem Rundfunkchor Berlin, der wegen eines fehlenden Tarifvertrages in Streik getreten ist.<\/span><\/p>\n","protected":false},"author":1,"featured_media":0,"comment_status":"open","ping_status":"open","sticky":false,"template":"","format":"standard","meta":{"footnotes":""},"categories":[2],"tags":[],"class_list":["post-1666","post","type-post","status-publish","format-standard","hentry","category-nachrichten","entry"],"_links":{"self":[{"href":"https:\/\/codexflores.ch\/index.php\/wp-json\/wp\/v2\/posts\/1666","targetHints":{"allow":["GET"]}}],"collection":[{"href":"https:\/\/codexflores.ch\/index.php\/wp-json\/wp\/v2\/posts"}],"about":[{"href":"https:\/\/codexflores.ch\/index.php\/wp-json\/wp\/v2\/types\/post"}],"author":[{"embeddable":true,"href":"https:\/\/codexflores.ch\/index.php\/wp-json\/wp\/v2\/users\/1"}],"replies":[{"embeddable":true,"href":"https:\/\/codexflores.ch\/index.php\/wp-json\/wp\/v2\/comments?post=1666"}],"version-history":[{"count":0,"href":"https:\/\/codexflores.ch\/index.php\/wp-json\/wp\/v2\/posts\/1666\/revisions"}],"wp:attachment":[{"href":"https:\/\/codexflores.ch\/index.php\/wp-json\/wp\/v2\/media?parent=1666"}],"wp:term":[{"taxonomy":"category","embeddable":true,"href":"https:\/\/codexflores.ch\/index.php\/wp-json\/wp\/v2\/categories?post=1666"},{"taxonomy":"post_tag","embeddable":true,"href":"https:\/\/codexflores.ch\/index.php\/wp-json\/wp\/v2\/tags?post=1666"}],"curies":[{"name":"wp","href":"https:\/\/api.w.org\/{rel}","templated":true}]}}