{"id":1667,"date":"2014-08-27T05:59:11","date_gmt":"2014-08-27T05:59:11","guid":{"rendered":"https:\/\/codexflores.ch\/index.php\/2014\/08\/27\/preistraeger-2014-des-echo-klassik\/"},"modified":"2014-08-27T05:59:11","modified_gmt":"2014-08-27T05:59:11","slug":"preistraeger-2014-des-echo-klassik","status":"publish","type":"post","link":"https:\/\/codexflores.ch\/index.php\/2014\/08\/27\/preistraeger-2014-des-echo-klassik\/","title":{"rendered":"Preistr\u00e4ger 2014 des Echo Klassik"},"content":{"rendered":"<p>27.08.2014 &#8212; Die Deutsche Phonakademie hat die Ausgezeichneten des Branchenpreises Echo Klassik 2014 bekanntgeben. Unter ihnen finden sich der Schweizer Fl\u00f6tist Emmanuel Pahud, die Mozart-Einspielungen von Martha Argerich und Claudio Abbado am Lucerne Festival sowie Bellinis <em>Norma<\/em> mit Cecilia Bartoli.<\/p>\n<p><strong>27.08.2014 &#8212; Die Deutsche Phonakademie hat die Ausgezeichneten des Branchenpreises Echo Klassik 2014 bekanntgeben. Unter ihnen finden sich der Schweizer Fl\u00f6tist Emmanuel Pahud, die Mozart-Einspielungen von Martha Argerich und Claudio Abbado am Lucerne Festival sowie Bellinis <em>Norma<\/em> mit Cecilia Bartoli.<\/strong><\/p>\n<p>\u00a0<\/p>\n<p>Unter den Preistr\u00e4gern sind \u00fcberdies Anna Netrebko (S\u00e4ngerin des Jahres), Jonas Kaufmann (Solistische Einspielung des Jahres\/Gesang), Diana Damrau (Klassik-ohne-Grenzen-Preis), Anne-Sophie Mutter mit den Berliner Philharmonikern unter der Leitung von Manfred Honeck (Konzerteinspielung des Jahres), Yannick N\u00e9zet-S\u00e9guin (Dirigent des Jahres), das SWR Sinfonieorchester Baden-Baden und Freiburg (Orchester des Jahres), Igor Levit (Solistische Einspielung des Jahres) und Marc-Andr\u00e9 Hamelin (Instrumentalist des Jahres\/Klavier).<\/p>\n<p>\u00a0<\/p>\n<p>Die Preistr\u00e4ger der Kategorien Lebenswerk, Nachwuchsk\u00fcnstler\/in des Jahres, Klassik f\u00fcr Kinder und Preis f\u00fcr Nachwuchsf\u00f6rderung werden zu einem sp\u00e4teren Zeitpunkt bekannt gegeben. \u00dcberreicht werden die Preise im Rahmen einer Gala am 26. Oktober 2014 in M\u00fcnchen in der Philharmonie im Gasteig.<\/p>\n<p><strong><br \/>Die vollst\u00e4ndige Preistr\u00e4gerliste:<\/strong><br \/><a href=\"http:\/\/www.echoklassik.de\/klassik-preistraeger-2014\" target=\"_blank\" rel=\"noopener noreferrer\">www.echoklassik.de\/klassik-preistraeger-2014<\/a><\/p>\n<p>\u00a0<\/p>\n","protected":false},"excerpt":{"rendered":"<p>27.08.2014 &#8212; Die Deutsche Phonakademie hat die Ausgezeichneten des Branchenpreises Echo Klassik 2014 bekanntgeben. Unter ihnen finden sich der Schweizer Fl\u00f6tist Emmanuel Pahud, die Mozart-Einspielungen von Martha Argerich und Claudio Abbado am Lucerne Festival sowie Bellinis <em>Norma<\/em> mit Cecilia Bartoli.<\/p>\n","protected":false},"author":1,"featured_media":0,"comment_status":"open","ping_status":"open","sticky":false,"template":"","format":"standard","meta":{"footnotes":""},"categories":[2],"tags":[],"class_list":["post-1667","post","type-post","status-publish","format-standard","hentry","category-nachrichten","entry"],"_links":{"self":[{"href":"https:\/\/codexflores.ch\/index.php\/wp-json\/wp\/v2\/posts\/1667","targetHints":{"allow":["GET"]}}],"collection":[{"href":"https:\/\/codexflores.ch\/index.php\/wp-json\/wp\/v2\/posts"}],"about":[{"href":"https:\/\/codexflores.ch\/index.php\/wp-json\/wp\/v2\/types\/post"}],"author":[{"embeddable":true,"href":"https:\/\/codexflores.ch\/index.php\/wp-json\/wp\/v2\/users\/1"}],"replies":[{"embeddable":true,"href":"https:\/\/codexflores.ch\/index.php\/wp-json\/wp\/v2\/comments?post=1667"}],"version-history":[{"count":0,"href":"https:\/\/codexflores.ch\/index.php\/wp-json\/wp\/v2\/posts\/1667\/revisions"}],"wp:attachment":[{"href":"https:\/\/codexflores.ch\/index.php\/wp-json\/wp\/v2\/media?parent=1667"}],"wp:term":[{"taxonomy":"category","embeddable":true,"href":"https:\/\/codexflores.ch\/index.php\/wp-json\/wp\/v2\/categories?post=1667"},{"taxonomy":"post_tag","embeddable":true,"href":"https:\/\/codexflores.ch\/index.php\/wp-json\/wp\/v2\/tags?post=1667"}],"curies":[{"name":"wp","href":"https:\/\/api.w.org\/{rel}","templated":true}]}}