{"id":1674,"date":"2014-09-01T05:58:30","date_gmt":"2014-09-01T05:58:30","guid":{"rendered":"https:\/\/codexflores.ch\/index.php\/2014\/09\/01\/8-europaeischer-opernregie-preis\/"},"modified":"2014-09-01T05:58:30","modified_gmt":"2014-09-01T05:58:30","slug":"8-europaeischer-opernregie-preis","status":"publish","type":"post","link":"https:\/\/codexflores.ch\/index.php\/2014\/09\/01\/8-europaeischer-opernregie-preis\/","title":{"rendered":"8. Europ\u00e4ischer Opernregie-Preis"},"content":{"rendered":"<p><span style=\"font-family: arial,helvetica,sans-serif; font-size: small;\">01.09.2014 &#8212; Ab sofort k\u00f6nnen sich junge Regisseure und Regieteams bis zu einem Alter von 35 Jahren f\u00fcr den 8. EOP \u2013 Europ\u00e4ischen Opernregie-Preis 2015 bewerben. Die Aufgabe f\u00fcr den Regiewettbewerb stellt diesmal die Oper K\u00f6ln.<\/span><\/p>\n<p><span style=\"font-family: arial,helvetica,sans-serif; font-size: small;\"><strong>01.09.2014 &#8212; Ab sofort k\u00f6nnen sich junge Regisseure und Regieteams bis zu einem Alter von 35 Jahren f\u00fcr den 8. EOP \u2013 Europ\u00e4ischen Opernregie-Preis 2015 bewerben. Die Aufgabe f\u00fcr den Regiewettbewerb stellt diesmal die Oper K\u00f6ln.<\/strong><\/span><\/p>\n<p><span style=\"font-family: arial,helvetica,sans-serif; font-size: small;\">\u00a0<\/span><\/p>\n<p><span style=\"font-family: arial,helvetica,sans-serif; font-size: small;\">Gefordert ist ein Regie- und Ausstattungskonzept zur Kammeroper <em>Weisse Rose<\/em> von Udo Zimmermann. Dabei m\u00fcssen die technischen Voraussetzungen der Oper K\u00f6ln ber\u00fccksichtigt werden. B\u00fchnenpl\u00e4ne und technische Daten werden nach der Anmeldung zum Wettbewerb von der Camerata Nuova zur Verf\u00fcgung gestellt. Anmeldeschluss ist der 30. November 2014. <\/span><\/p>\n<p>\u00a0<\/p>\n<p><span style=\"font-family: arial,helvetica,sans-serif; font-size: small;\">Das Konzept muss schriftlich und mit Skizzen, eventuell mit B\u00fchnenbildmodell, bis zum 31. Dezember 2014 bei der Camerata Nuova in Wiesbaden eingegangen sein. Das Finale findet im Mai 2015 im Rahmen der Fr\u00fchjahrstagung der Opera Europa statt. Die Jury besteht aus Intendanten und Fachleuten des europ\u00e4ischen Opernlebens. Das siegreiche Konzept wird in der Spielzeit 2016\/2017 an der Oper K\u00f6ln aufgef\u00fchrt. <\/span><\/p>\n<p>\u00a0<\/p>\n<p><span style=\"font-family: arial,helvetica,sans-serif; font-size: small;\">Die Opera Europa, ein Zusammenschluss von \u00fcber 150 europ\u00e4ischen Opernh\u00e4usern, und die Wiesbadener Camerata Nuova e. V., eine Vereinigung von Opernfreunden, schreiben alle zwei Jahre den EOP \u2013 Europ\u00e4ischer Opernregie-Preis, einen Wettbewerb f\u00fcr junge Opernregisseure aus. Ausgelobt sind drei Preise, mit einem Preisgeld von 30.000,- Euro. <\/span><\/p>\n<p><strong><span style=\"font-family: arial,helvetica,sans-serif; font-size: small;\"><br \/>Mehr Infos:<\/span><\/strong><br \/><span style=\"font-family: arial,helvetica,sans-serif; font-size: small;\"><a href=\"http:\/\/www.camerata-nuova.com\" target=\"_blank\" rel=\"noopener noreferrer\">www.camerata-nuova.com<\/a>\u00a0<\/span><\/p>\n<p><span style=\"font-family: arial,helvetica,sans-serif; font-size: small;\">\u00a0<\/span><\/p>\n","protected":false},"excerpt":{"rendered":"<p><span style=\"font-family: arial,helvetica,sans-serif; font-size: small;\">01.09.2014 &#8212; Ab sofort k\u00f6nnen sich junge Regisseure und Regieteams bis zu einem Alter von 35 Jahren f\u00fcr den 8. EOP \u2013 Europ\u00e4ischen Opernregie-Preis 2015 bewerben. Die Aufgabe f\u00fcr den Regiewettbewerb stellt diesmal die Oper K\u00f6ln.<\/span><\/p>\n","protected":false},"author":1,"featured_media":0,"comment_status":"open","ping_status":"open","sticky":false,"template":"","format":"standard","meta":{"footnotes":""},"categories":[2],"tags":[],"class_list":["post-1674","post","type-post","status-publish","format-standard","hentry","category-nachrichten","entry"],"_links":{"self":[{"href":"https:\/\/codexflores.ch\/index.php\/wp-json\/wp\/v2\/posts\/1674","targetHints":{"allow":["GET"]}}],"collection":[{"href":"https:\/\/codexflores.ch\/index.php\/wp-json\/wp\/v2\/posts"}],"about":[{"href":"https:\/\/codexflores.ch\/index.php\/wp-json\/wp\/v2\/types\/post"}],"author":[{"embeddable":true,"href":"https:\/\/codexflores.ch\/index.php\/wp-json\/wp\/v2\/users\/1"}],"replies":[{"embeddable":true,"href":"https:\/\/codexflores.ch\/index.php\/wp-json\/wp\/v2\/comments?post=1674"}],"version-history":[{"count":0,"href":"https:\/\/codexflores.ch\/index.php\/wp-json\/wp\/v2\/posts\/1674\/revisions"}],"wp:attachment":[{"href":"https:\/\/codexflores.ch\/index.php\/wp-json\/wp\/v2\/media?parent=1674"}],"wp:term":[{"taxonomy":"category","embeddable":true,"href":"https:\/\/codexflores.ch\/index.php\/wp-json\/wp\/v2\/categories?post=1674"},{"taxonomy":"post_tag","embeddable":true,"href":"https:\/\/codexflores.ch\/index.php\/wp-json\/wp\/v2\/tags?post=1674"}],"curies":[{"name":"wp","href":"https:\/\/api.w.org\/{rel}","templated":true}]}}