{"id":1677,"date":"2014-09-02T05:43:33","date_gmt":"2014-09-02T05:43:33","guid":{"rendered":"https:\/\/codexflores.ch\/index.php\/2014\/09\/02\/1300-mitwirkende-fuer-verdis-requiem-in-berlin\/"},"modified":"2014-09-02T05:43:33","modified_gmt":"2014-09-02T05:43:33","slug":"1300-mitwirkende-fuer-verdis-requiem-in-berlin","status":"publish","type":"post","link":"https:\/\/codexflores.ch\/index.php\/2014\/09\/02\/1300-mitwirkende-fuer-verdis-requiem-in-berlin\/","title":{"rendered":"1300 Mitwirkende f\u00fcr Verdis Requiem in Berlin"},"content":{"rendered":"<p><span style=\"font-family: arial,helvetica,sans-serif; font-size: small;\">02.09.2014 &#8212; Ein popul\u00e4res Chorformat erfreut sich ungebrochener Popularit\u00e4t: 1300 Mitwirkende werden zusammen mit dem Rundfunkchor Berlin und dem Rundfunk-Sinfonieorchester Berlin unter Simon Halsey Verdis <em>Requiem<\/em> zur Auff\u00fchrung bringen. Die Mitsingkarten waren innerhalb von 20 Minuten ausgebucht.<\/span><\/p>\n<p><span style=\"font-family: arial,helvetica,sans-serif; font-size: small;\"><strong>02.09.2014 &#8212; Ein popul\u00e4res Chorformat erfreut sich ungebrochener Popularit\u00e4t: 1300 Mitwirkende werden zusammen mit dem Rundfunkchor Berlin und dem Rundfunk-Sinfonieorchester Berlin unter Simon Halsey Verdis <em>Requiem<\/em> zur Auff\u00fchrung bringen. Die Mitsingkarten waren innerhalb von 20 Minuten ausgebucht.<\/strong><\/span><\/p>\n<p><span style=\"font-family: arial,helvetica,sans-serif; font-size: small;\">\u00a0<\/span><\/p>\n<p><span style=\"font-family: arial,helvetica,sans-serif; font-size: small;\">Der Rundfunkchor Berlin l\u00e4dt seit \u00fcber zehn Jahren Amateure aus aller Welt ein, um innerhalb eines Tages ein Hauptwerk der chorsinfonischen Literatur einzustudieren und gemeinsam mit dem Chor aufzuf\u00fchren. Alle Teilnehmenden bereiten sich eigenst\u00e4ndig auf das Konzertereignis vor, Berliner Ch\u00f6re \u00f6ffnen im Vorfeld ihre Proben. <\/span><\/p>\n<p>\u00a0<\/p>\n<p><span style=\"font-family: arial,helvetica,sans-serif; font-size: small;\">Bereits 2008 stand Verdis <em>Messa da Requiem<\/em> auf dem Programm des Mitsingkonzerts. Es r\u00fcckt im kommenden Jahr erneut ins Zentrum. Dass das Konzept auch im Ausland funktioniert, zeigte sich bereits 2010, als das Format mit Carl Orffs <em>Carmina Burana<\/em> erstmals im t\u00fcrkischen Aspendos zu Gast war. Im Mai 2014 fand das erste grosse Mitsingkonzert International des Rundfunkchores Berlin mit \u00fcber 1000 Mitwirkenden in Budapest statt. F\u00fcr das Jahr 2016 ist schon das n\u00e4chste Mitsingkonzert International geplant: Auf dem Programm steht Schuberts Es-Dur-Messe im Konzerthaus Wien. <em>(cf)<\/em> <\/span><\/p>\n<p><span style=\"font-family: arial,helvetica,sans-serif; font-size: small;\">\u00a0<\/span><\/p>\n","protected":false},"excerpt":{"rendered":"<p><span style=\"font-family: arial,helvetica,sans-serif; font-size: small;\">02.09.2014 &#8212; Ein popul\u00e4res Chorformat erfreut sich ungebrochener Popularit\u00e4t: 1300 Mitwirkende werden zusammen mit dem Rundfunkchor Berlin und dem Rundfunk-Sinfonieorchester Berlin unter Simon Halsey Verdis <em>Requiem<\/em> zur Auff\u00fchrung bringen. Die Mitsingkarten waren innerhalb von 20 Minuten ausgebucht.<\/span><\/p>\n","protected":false},"author":1,"featured_media":0,"comment_status":"open","ping_status":"open","sticky":false,"template":"","format":"standard","meta":{"footnotes":""},"categories":[2],"tags":[],"class_list":["post-1677","post","type-post","status-publish","format-standard","hentry","category-nachrichten","entry"],"_links":{"self":[{"href":"https:\/\/codexflores.ch\/index.php\/wp-json\/wp\/v2\/posts\/1677","targetHints":{"allow":["GET"]}}],"collection":[{"href":"https:\/\/codexflores.ch\/index.php\/wp-json\/wp\/v2\/posts"}],"about":[{"href":"https:\/\/codexflores.ch\/index.php\/wp-json\/wp\/v2\/types\/post"}],"author":[{"embeddable":true,"href":"https:\/\/codexflores.ch\/index.php\/wp-json\/wp\/v2\/users\/1"}],"replies":[{"embeddable":true,"href":"https:\/\/codexflores.ch\/index.php\/wp-json\/wp\/v2\/comments?post=1677"}],"version-history":[{"count":0,"href":"https:\/\/codexflores.ch\/index.php\/wp-json\/wp\/v2\/posts\/1677\/revisions"}],"wp:attachment":[{"href":"https:\/\/codexflores.ch\/index.php\/wp-json\/wp\/v2\/media?parent=1677"}],"wp:term":[{"taxonomy":"category","embeddable":true,"href":"https:\/\/codexflores.ch\/index.php\/wp-json\/wp\/v2\/categories?post=1677"},{"taxonomy":"post_tag","embeddable":true,"href":"https:\/\/codexflores.ch\/index.php\/wp-json\/wp\/v2\/tags?post=1677"}],"curies":[{"name":"wp","href":"https:\/\/api.w.org\/{rel}","templated":true}]}}