{"id":1678,"date":"2014-09-02T06:01:47","date_gmt":"2014-09-02T06:01:47","guid":{"rendered":"https:\/\/codexflores.ch\/index.php\/2014\/09\/02\/bilanz-der-innsbrucker-festwochen-der-alten-musik\/"},"modified":"2014-09-02T06:01:47","modified_gmt":"2014-09-02T06:01:47","slug":"bilanz-der-innsbrucker-festwochen-der-alten-musik","status":"publish","type":"post","link":"https:\/\/codexflores.ch\/index.php\/2014\/09\/02\/bilanz-der-innsbrucker-festwochen-der-alten-musik\/","title":{"rendered":"Bilanz der Innsbrucker Festwochen der Alten Musik"},"content":{"rendered":"<p>02.09.2014 &#8212; Die Opern und die Konzerte der Innsbrucker Festwochen sowie die Ambraser Schlosskonzerte verzeichneten heuer eine Gesamtauslastung von 97 Prozent. 10&#8217;661 Eintritte gab es in die Opernauff\u00fchrungen und Konzerte der Konzertreihe f\u00fcr Alte Musik.<\/p>\n<p><strong>02.09.2014 &#8212; Die Opern und die Konzerte der Innsbrucker Festwochen sowie die Ambraser Schlosskonzerte verzeichneten heuer eine Gesamtauslastung von 97 Prozent. 10&#8217;661 Eintritte gab es in die Opernauff\u00fchrungen und Konzerte der Konzertreihe f\u00fcr Alte Musik.\u00a0<\/strong><\/p>\n<p><strong>\u00a0<\/strong><\/p>\n<p>Dazu kamen rund 12&#8217;000 Besucher der frei zug\u00e4nglichen Veranstaltungen wie dem Schlossfest Ambras, das heuer 20-j\u00e4hriges Jubil\u00e4um feierte, und der Lunchkonzerte im Hofgarten.<\/p>\n<p>\u00a0<\/p>\n<p>Stark war auch das Interesse f\u00fcr den 5. Internationalen Gesangswettbewerb f\u00fcr Barockoper Pietro Antonio Cesti. Aus den mehr als 200 Anmeldungen w\u00e4hlte die Jury 98 Teilnehmerinnen und Teilnehmer aus 31 Nationen aus, die um die Einzug in das Finale und die Preise sangen. Der Sieg ging an den britischen Tenor Rupert Charlesworth. Das Finalkonzert wurde weltweit als Stream \u00fcbertragen und von 4000 Endger\u00e4ten aus verfolgt.\u00a0<\/p>\n<p>\u00a0<\/p>\n<p>Die 39. Innsbrucker Festwochen der Alten Musik beginnen 2015 mit dem ersten Ambraser Schlosskonzert am 14. Juli und enden am 27. August. Der Kartenverkauf f\u00fcr die Saison 2015 beginnt Ende November.<em> (cf)<\/em><\/p>\n<p>\u00a0<\/p>\n","protected":false},"excerpt":{"rendered":"<p>02.09.2014 &#8212; Die Opern und die Konzerte der Innsbrucker Festwochen sowie die Ambraser Schlosskonzerte verzeichneten heuer eine Gesamtauslastung von 97 Prozent. 10&#8217;661 Eintritte gab es in die Opernauff\u00fchrungen und Konzerte der Konzertreihe f\u00fcr Alte Musik.<\/p>\n","protected":false},"author":1,"featured_media":0,"comment_status":"open","ping_status":"open","sticky":false,"template":"","format":"standard","meta":{"footnotes":""},"categories":[2],"tags":[],"class_list":["post-1678","post","type-post","status-publish","format-standard","hentry","category-nachrichten","entry"],"_links":{"self":[{"href":"https:\/\/codexflores.ch\/index.php\/wp-json\/wp\/v2\/posts\/1678","targetHints":{"allow":["GET"]}}],"collection":[{"href":"https:\/\/codexflores.ch\/index.php\/wp-json\/wp\/v2\/posts"}],"about":[{"href":"https:\/\/codexflores.ch\/index.php\/wp-json\/wp\/v2\/types\/post"}],"author":[{"embeddable":true,"href":"https:\/\/codexflores.ch\/index.php\/wp-json\/wp\/v2\/users\/1"}],"replies":[{"embeddable":true,"href":"https:\/\/codexflores.ch\/index.php\/wp-json\/wp\/v2\/comments?post=1678"}],"version-history":[{"count":0,"href":"https:\/\/codexflores.ch\/index.php\/wp-json\/wp\/v2\/posts\/1678\/revisions"}],"wp:attachment":[{"href":"https:\/\/codexflores.ch\/index.php\/wp-json\/wp\/v2\/media?parent=1678"}],"wp:term":[{"taxonomy":"category","embeddable":true,"href":"https:\/\/codexflores.ch\/index.php\/wp-json\/wp\/v2\/categories?post=1678"},{"taxonomy":"post_tag","embeddable":true,"href":"https:\/\/codexflores.ch\/index.php\/wp-json\/wp\/v2\/tags?post=1678"}],"curies":[{"name":"wp","href":"https:\/\/api.w.org\/{rel}","templated":true}]}}