{"id":1679,"date":"2014-09-02T06:24:15","date_gmt":"2014-09-02T06:24:15","guid":{"rendered":"https:\/\/codexflores.ch\/index.php\/2014\/09\/02\/susanna-maelkki-wird-chefin-des-helsinki-philharmonic-orchestra\/"},"modified":"2014-09-02T06:24:15","modified_gmt":"2014-09-02T06:24:15","slug":"susanna-maelkki-wird-chefin-des-helsinki-philharmonic-orchestra","status":"publish","type":"post","link":"https:\/\/codexflores.ch\/index.php\/2014\/09\/02\/susanna-maelkki-wird-chefin-des-helsinki-philharmonic-orchestra\/","title":{"rendered":"Susanna M\u00e4lkki wird Chefin des Helsinki Philharmonic Orchestra"},"content":{"rendered":"<p><span style=\"font-family: arial,helvetica,sans-serif; font-size: small;\">02.09.2014 &#8211;Die finnische Dirigentin wird per Herbst 2016 f\u00fcr vorerst drei Jahre Chefdirigentin des Helsinki Philharmonic Orchestra. Sie folgt in dem Amt auf John Storg\u00e5rds.<\/span><\/p>\n<p><span style=\"font-family: arial,helvetica,sans-serif; font-size: small;\"><strong>02.09.2014 &#8211;Die finnische Dirigentin wird per Herbst 2016 f\u00fcr vorerst drei Jahre Chefdirigentin des Helsinki Philharmonic Orchestra. Sie folgt in dem Amt auf John Storg\u00e5rds.<\/strong><\/span><\/p>\n<p><span style=\"font-family: arial,helvetica,sans-serif; font-size: small;\">\u00a0<\/span><\/p>\n<p><span style=\"font-family: arial,helvetica,sans-serif; font-size: small;\">Der Vertrag umfasst die Verpflichtung zum Dirigieren von 8 bis 10 Konzerten j\u00e4hrlich, Tourneen und Aufnahmen.<\/span><\/p>\n<p><span style=\"font-family: arial,helvetica,sans-serif; font-size: small;\">\u00a0<\/span><\/p>\n<p><span style=\"font-family: arial,helvetica,sans-serif; font-size: small;\">Die 1969 in Helsinki geborene Susanna M\u00e4lkki hat an der Sibelius Akademie und an der Royal Academy of Music in London Cello und Dirigieren studiert. 2006 wurde sie musikalische Leiterin des Ensemble Intercontemporain, mit dem\u00a0sie im August 2004 mit einem Birtwistle-Programm im Rahmen des Lucerne Festival auftrat, und 2013 Principal Guest Conductor des Gulbenkian Orchestra. M\u00e4lkki ghilt als Spezialistin f\u00fcr zeitgen\u00f6ssische Musik. <em>(cf)<\/em><\/span><\/p>\n","protected":false},"excerpt":{"rendered":"<p><span style=\"font-family: arial,helvetica,sans-serif; font-size: small;\">02.09.2014 &#8211;Die finnische Dirigentin wird per Herbst 2016 f\u00fcr vorerst drei Jahre Chefdirigentin des Helsinki Philharmonic Orchestra. Sie folgt in dem Amt auf John Storg\u00e5rds.<\/span><\/p>\n","protected":false},"author":1,"featured_media":0,"comment_status":"open","ping_status":"open","sticky":false,"template":"","format":"standard","meta":{"footnotes":""},"categories":[2],"tags":[],"class_list":["post-1679","post","type-post","status-publish","format-standard","hentry","category-nachrichten","entry"],"_links":{"self":[{"href":"https:\/\/codexflores.ch\/index.php\/wp-json\/wp\/v2\/posts\/1679","targetHints":{"allow":["GET"]}}],"collection":[{"href":"https:\/\/codexflores.ch\/index.php\/wp-json\/wp\/v2\/posts"}],"about":[{"href":"https:\/\/codexflores.ch\/index.php\/wp-json\/wp\/v2\/types\/post"}],"author":[{"embeddable":true,"href":"https:\/\/codexflores.ch\/index.php\/wp-json\/wp\/v2\/users\/1"}],"replies":[{"embeddable":true,"href":"https:\/\/codexflores.ch\/index.php\/wp-json\/wp\/v2\/comments?post=1679"}],"version-history":[{"count":0,"href":"https:\/\/codexflores.ch\/index.php\/wp-json\/wp\/v2\/posts\/1679\/revisions"}],"wp:attachment":[{"href":"https:\/\/codexflores.ch\/index.php\/wp-json\/wp\/v2\/media?parent=1679"}],"wp:term":[{"taxonomy":"category","embeddable":true,"href":"https:\/\/codexflores.ch\/index.php\/wp-json\/wp\/v2\/categories?post=1679"},{"taxonomy":"post_tag","embeddable":true,"href":"https:\/\/codexflores.ch\/index.php\/wp-json\/wp\/v2\/tags?post=1679"}],"curies":[{"name":"wp","href":"https:\/\/api.w.org\/{rel}","templated":true}]}}