{"id":1680,"date":"2014-09-02T06:36:27","date_gmt":"2014-09-02T06:36:27","guid":{"rendered":"https:\/\/codexflores.ch\/index.php\/2014\/09\/02\/luisi-principal-conductor-des-danish-national-symphony-orchestra\/"},"modified":"2014-09-02T06:36:27","modified_gmt":"2014-09-02T06:36:27","slug":"luisi-principal-conductor-des-danish-national-symphony-orchestra","status":"publish","type":"post","link":"https:\/\/codexflores.ch\/index.php\/2014\/09\/02\/luisi-principal-conductor-des-danish-national-symphony-orchestra\/","title":{"rendered":"Luisi Principal Conductor des Danish National Symphony Orchestra"},"content":{"rendered":"<p><span style=\"font-family: arial,helvetica,sans-serif; font-size: small;\">02.09.2014 &#8212; Fabio Luisi, der Generalmusikdirektor des Z\u00fcrcher Opernhauses und Principal Conductor der Metropolitan Opera wird Principal Conductor des Danish National Symphony Orchestra. Der Vertrag l\u00e4uft vorerst \u00fcber drei Jahre. Er folgt als Orchesterleiter auf den verstorbenen Chefdirigenten Rafael Fr\u00fchbeck de Burgos.<\/span><\/p>\n<p><strong><span style=\"font-family: arial,helvetica,sans-serif; font-size: small;\">02.09.2014 &#8212;\u00a0Fabio Luisi, der Generalmusikdirektor des Z\u00fcrcher Opernhauses und Principal Conductor der Metropolitan Opera wird Principal Conductor des Danish National Symphony Orchestra. Der Vertrag l\u00e4uft vorerst \u00fcber drei Jahre. Er folgt als Orchesterleiter auf den verstorbenen Chefdirigenten Rafael Fr\u00fchbeck de Burgos.<\/span><\/strong><\/p>\n<p><span style=\"font-family: arial,helvetica,sans-serif; font-size: small;\">\u00a0<\/span><\/p>\n<p><span style=\"font-family: arial,helvetica,sans-serif; font-size: small;\">Nominell l\u00e4uft die Vertragszeit von 2017 bis 2020, laut <em>New York Times<\/em> plant Luisi aber, die praktische Arbeit mit dem Orchester bereits fr\u00fcher aufzunehmen.<\/span><\/p>\n<p><span style=\"font-family: arial,helvetica,sans-serif; font-size: small;\">\u00a0<\/span><\/p>\n<p><span style=\"font-family: arial,helvetica,sans-serif; font-size: small;\">Von 2005 bis 2013 war Luisi Chefdirigent der Wiener Symphoniker und seit 2011 Principal Conductor der Metropolitan Opera. Zuvor war er Generalmusikdirektor der Staatskapelle Dresden und der S\u00e4chsischen Staatsoper (2007-2010), K\u00fcnstlerischer Direktor und Chefdirigent des MDR Sinfonieorchesters Leipzig (1999-2007), Musikdirektor des Orchestre de la Suisse Romande (1997-2002). Er amtete auch schon als Chefdirigent des Tonk\u00fcnstler-Orchesters Wien (1995-2000) und K\u00fcnstlerischer Direktor der Grazer Symphoniker (1990-1996). <em>(cf)<\/em><\/span><\/p>\n<p><span style=\"font-family: arial,helvetica,sans-serif; font-size: small;\">\u00a0<\/span><\/p>\n","protected":false},"excerpt":{"rendered":"<p><span style=\"font-family: arial,helvetica,sans-serif; font-size: small;\">02.09.2014 &#8212; Fabio Luisi, der Generalmusikdirektor des Z\u00fcrcher Opernhauses und Principal Conductor der Metropolitan Opera wird Principal Conductor des Danish National Symphony Orchestra. Der Vertrag l\u00e4uft vorerst \u00fcber drei Jahre. Er folgt als Orchesterleiter auf den verstorbenen Chefdirigenten Rafael Fr\u00fchbeck de Burgos.<\/span><\/p>\n","protected":false},"author":1,"featured_media":0,"comment_status":"open","ping_status":"open","sticky":false,"template":"","format":"standard","meta":{"footnotes":""},"categories":[2],"tags":[],"class_list":["post-1680","post","type-post","status-publish","format-standard","hentry","category-nachrichten","entry"],"_links":{"self":[{"href":"https:\/\/codexflores.ch\/index.php\/wp-json\/wp\/v2\/posts\/1680","targetHints":{"allow":["GET"]}}],"collection":[{"href":"https:\/\/codexflores.ch\/index.php\/wp-json\/wp\/v2\/posts"}],"about":[{"href":"https:\/\/codexflores.ch\/index.php\/wp-json\/wp\/v2\/types\/post"}],"author":[{"embeddable":true,"href":"https:\/\/codexflores.ch\/index.php\/wp-json\/wp\/v2\/users\/1"}],"replies":[{"embeddable":true,"href":"https:\/\/codexflores.ch\/index.php\/wp-json\/wp\/v2\/comments?post=1680"}],"version-history":[{"count":0,"href":"https:\/\/codexflores.ch\/index.php\/wp-json\/wp\/v2\/posts\/1680\/revisions"}],"wp:attachment":[{"href":"https:\/\/codexflores.ch\/index.php\/wp-json\/wp\/v2\/media?parent=1680"}],"wp:term":[{"taxonomy":"category","embeddable":true,"href":"https:\/\/codexflores.ch\/index.php\/wp-json\/wp\/v2\/categories?post=1680"},{"taxonomy":"post_tag","embeddable":true,"href":"https:\/\/codexflores.ch\/index.php\/wp-json\/wp\/v2\/tags?post=1680"}],"curies":[{"name":"wp","href":"https:\/\/api.w.org\/{rel}","templated":true}]}}