{"id":1682,"date":"2014-09-03T05:42:47","date_gmt":"2014-09-03T05:42:47","guid":{"rendered":"https:\/\/codexflores.ch\/index.php\/2014\/09\/03\/kuenstlerischer-leiter-des-toelzer-knabenchor-entlassen\/"},"modified":"2014-09-03T05:42:47","modified_gmt":"2014-09-03T05:42:47","slug":"kuenstlerischer-leiter-des-toelzer-knabenchor-entlassen","status":"publish","type":"post","link":"https:\/\/codexflores.ch\/index.php\/2014\/09\/03\/kuenstlerischer-leiter-des-toelzer-knabenchor-entlassen\/","title":{"rendered":"K\u00fcnstlerischer Leiter des T\u00f6lzer Knabenchors entlassen"},"content":{"rendered":"<p><span style=\"font-family: arial,helvetica,sans-serif; font-size: small;\">03.09.2014 &#8212; Auch beim T\u00f6lzer Knabenchor scheinen Nachfolgeregelungen eine schwierige Sache zu sein: Der Gr\u00fcnder des Ensembles hat seinen Nachfolger mitten in einer Chinatournee wegen \u00abunterschiedlicher Vorstellungen \u00fcber die Entwicklung des Chores f\u00fcr die Zukunft\u00bb gefeuert.<\/span><\/p>\n<p><span style=\"font-family: arial,helvetica,sans-serif; font-size: small;\"><strong>03.09.2014 &#8212; Auch beim T\u00f6lzer Knabenchor scheinen Nachfolgeregelungen eine schwierige Sache zu sein: Der Gr\u00fcnder des Ensembles hat seinen Nachfolger mitten in einer Chinatournee wegen \u00abunterschiedlicher Vorstellungen \u00fcber die Entwicklung des Chores f\u00fcr die Zukunft\u00bb gefeuert.<\/strong><\/span><\/p>\n<p><span style=\"font-family: arial,helvetica,sans-serif; font-size: small;\">\u00a0<\/span><\/p>\n<p><span style=\"font-family: arial,helvetica,sans-serif; font-size: small;\">Laut einem Bericht der <em>S\u00fcddeutschen Zeitung<\/em> wird mit dem vom Chorgr\u00fcnder und Vorg\u00e4nger Gerhard Schmidt-Gaden freigestellten Ralf Ludewig \u00fcber eine Vertragsaufl\u00f6sung verhandelt. Zudem sollen die \u00c4mter des k\u00fcnstlerischen Leiters und des Gesch\u00e4ftsf\u00fchrers k\u00fcnftig getrennt werden.<\/span><\/p>\n<p><span style=\"font-family: arial,helvetica,sans-serif; font-size: small;\">\u00a0<\/span><\/p>\n<p><span style=\"font-family: arial,helvetica,sans-serif; font-size: small;\">Der T\u00f6lzer Knabenchor entstand aus einer singfreudigen Pfadfindergruppe, die sich 1956 auflo\u0308ste. Zu diesem Zeitpunkt u\u0308bernahm der damals 18-ja\u0308hrige Gymnasiast Schmidt-Gaden die Leitung der Singgruppe. Der international renommierte Chor probt seit 1971 in der Landeshauptstadt Mu\u0308nchen und wird durch den Freistaat Bayern, den Bezirk Oberbayern, die Stadt Bad To\u0308lz und die Bayerische Volksstiftung gefo\u0308rdert. <em>(cf)<\/em><\/span><\/p>\n","protected":false},"excerpt":{"rendered":"<p><span style=\"font-family: arial,helvetica,sans-serif; font-size: small;\">03.09.2014 &#8212; Auch beim T\u00f6lzer Knabenchor scheinen Nachfolgeregelungen eine schwierige Sache zu sein: Der Gr\u00fcnder des Ensembles hat seinen Nachfolger mitten in einer Chinatournee wegen \u00abunterschiedlicher Vorstellungen \u00fcber die Entwicklung des Chores f\u00fcr die Zukunft\u00bb gefeuert.<\/span><\/p>\n","protected":false},"author":1,"featured_media":0,"comment_status":"open","ping_status":"open","sticky":false,"template":"","format":"standard","meta":{"footnotes":""},"categories":[2],"tags":[],"class_list":["post-1682","post","type-post","status-publish","format-standard","hentry","category-nachrichten","entry"],"_links":{"self":[{"href":"https:\/\/codexflores.ch\/index.php\/wp-json\/wp\/v2\/posts\/1682","targetHints":{"allow":["GET"]}}],"collection":[{"href":"https:\/\/codexflores.ch\/index.php\/wp-json\/wp\/v2\/posts"}],"about":[{"href":"https:\/\/codexflores.ch\/index.php\/wp-json\/wp\/v2\/types\/post"}],"author":[{"embeddable":true,"href":"https:\/\/codexflores.ch\/index.php\/wp-json\/wp\/v2\/users\/1"}],"replies":[{"embeddable":true,"href":"https:\/\/codexflores.ch\/index.php\/wp-json\/wp\/v2\/comments?post=1682"}],"version-history":[{"count":0,"href":"https:\/\/codexflores.ch\/index.php\/wp-json\/wp\/v2\/posts\/1682\/revisions"}],"wp:attachment":[{"href":"https:\/\/codexflores.ch\/index.php\/wp-json\/wp\/v2\/media?parent=1682"}],"wp:term":[{"taxonomy":"category","embeddable":true,"href":"https:\/\/codexflores.ch\/index.php\/wp-json\/wp\/v2\/categories?post=1682"},{"taxonomy":"post_tag","embeddable":true,"href":"https:\/\/codexflores.ch\/index.php\/wp-json\/wp\/v2\/tags?post=1682"}],"curies":[{"name":"wp","href":"https:\/\/api.w.org\/{rel}","templated":true}]}}