{"id":1684,"date":"2014-09-03T06:04:55","date_gmt":"2014-09-03T06:04:55","guid":{"rendered":"https:\/\/codexflores.ch\/index.php\/2014\/09\/03\/zweiter-bundeskongress-musikunterricht-in-leipzig\/"},"modified":"2014-09-03T06:04:55","modified_gmt":"2014-09-03T06:04:55","slug":"zweiter-bundeskongress-musikunterricht-in-leipzig","status":"publish","type":"post","link":"https:\/\/codexflores.ch\/index.php\/2014\/09\/03\/zweiter-bundeskongress-musikunterricht-in-leipzig\/","title":{"rendered":"Zweiter Bundeskongress Musikunterricht in Leipzig"},"content":{"rendered":"<p><span style=\"font-family: arial,helvetica,sans-serif; font-size: small;\">03.09.2014 &#8212; Unter dem Motto <em>Bildung &#8211; Musik &#8211; Kultur: Horizonte \u00f6ffnen<\/em> findet vom 17. bis 21. September 2014 in Leipzig der 2. Bundeskongress Musikunterricht statt.<\/span><\/p>\n<p><span style=\"font-family: arial,helvetica,sans-serif; font-size: small;\"><strong>03.09.2014 &#8212; Unter dem Motto <em>Bildung &#8211; Musik &#8211; Kultur: Horizonte \u00f6ffnen<\/em> findet vom 17. bis 21. September 2014 in Leipzig der 2. Bundeskongress Musikunterricht statt.<\/strong><\/span><\/p>\n<p><span style=\"font-family: arial,helvetica,sans-serif; font-size: small;\">\u00a0<\/span><\/p>\n<p><span style=\"font-family: arial,helvetica,sans-serif; font-size: small;\">Mitveranstalter sind die Universit\u00e4t Leipzig und das S\u00e4chsische Bildungsinstitut (SBI), weitere Partner die Hochschule f\u00fcr Musik und Theater Leipzig, der MDR, der VdM und die Musikschule Leipzig. Unterst\u00fctzt wird der Kongress zudem vom S\u00e4chsischen Kultusministerium. Staatsministerin Brunhild Kurth hat die Schirmherrschaft \u00fcbernommen. Erwartet werden an den f\u00fcnf Kongresstagen erneut \u00fcber 1500 Tagungsteilnehmer. <\/span><\/p>\n<p>\u00a0<\/p>\n<p><span style=\"font-family: arial,helvetica,sans-serif; font-size: small;\">Geplant sind rund 400 Kursveranstaltungen, die von \u00fcber 180 renommierten Referenten aus dem In- und Ausland durchgef\u00fchrt werden. Das Kursangebot wird musikpraktische Workshops, Seminare, Arbeitskreise, Vortragsveranstaltungen und Podiumsdiskussionen beinhalten &#8211; abgestimmt auf die Belange von Musiklehrerinnen und Musiklehrern aller allgemein bildenden Schulen sowie Referendaren und Studierenden.<em> (cf)<\/em><\/span><\/p>\n<p><span style=\"font-family: arial,helvetica,sans-serif; font-size: small;\">\u00a0<\/span><\/p>\n","protected":false},"excerpt":{"rendered":"<p><span style=\"font-family: arial,helvetica,sans-serif; font-size: small;\">03.09.2014 &#8212; Unter dem Motto <em>Bildung &#8211; Musik &#8211; Kultur: Horizonte \u00f6ffnen<\/em> findet vom 17. bis 21. September 2014 in Leipzig der 2. Bundeskongress Musikunterricht statt.<\/span><\/p>\n","protected":false},"author":1,"featured_media":0,"comment_status":"open","ping_status":"open","sticky":false,"template":"","format":"standard","meta":{"footnotes":""},"categories":[2],"tags":[],"class_list":["post-1684","post","type-post","status-publish","format-standard","hentry","category-nachrichten","entry"],"_links":{"self":[{"href":"https:\/\/codexflores.ch\/index.php\/wp-json\/wp\/v2\/posts\/1684","targetHints":{"allow":["GET"]}}],"collection":[{"href":"https:\/\/codexflores.ch\/index.php\/wp-json\/wp\/v2\/posts"}],"about":[{"href":"https:\/\/codexflores.ch\/index.php\/wp-json\/wp\/v2\/types\/post"}],"author":[{"embeddable":true,"href":"https:\/\/codexflores.ch\/index.php\/wp-json\/wp\/v2\/users\/1"}],"replies":[{"embeddable":true,"href":"https:\/\/codexflores.ch\/index.php\/wp-json\/wp\/v2\/comments?post=1684"}],"version-history":[{"count":0,"href":"https:\/\/codexflores.ch\/index.php\/wp-json\/wp\/v2\/posts\/1684\/revisions"}],"wp:attachment":[{"href":"https:\/\/codexflores.ch\/index.php\/wp-json\/wp\/v2\/media?parent=1684"}],"wp:term":[{"taxonomy":"category","embeddable":true,"href":"https:\/\/codexflores.ch\/index.php\/wp-json\/wp\/v2\/categories?post=1684"},{"taxonomy":"post_tag","embeddable":true,"href":"https:\/\/codexflores.ch\/index.php\/wp-json\/wp\/v2\/tags?post=1684"}],"curies":[{"name":"wp","href":"https:\/\/api.w.org\/{rel}","templated":true}]}}