{"id":1685,"date":"2014-09-03T06:25:17","date_gmt":"2014-09-03T06:25:17","guid":{"rendered":"https:\/\/codexflores.ch\/index.php\/2014\/09\/03\/musikergesundheit-als-binnenforschungsschwerpunkt\/"},"modified":"2014-09-03T06:25:17","modified_gmt":"2014-09-03T06:25:17","slug":"musikergesundheit-als-binnenforschungsschwerpunkt","status":"publish","type":"post","link":"https:\/\/codexflores.ch\/index.php\/2014\/09\/03\/musikergesundheit-als-binnenforschungsschwerpunkt\/","title":{"rendered":"Musikergesundheit als Forschungsschwerpunkt"},"content":{"rendered":"<p><span style=\"font-family: arial,helvetica,sans-serif; font-size: small;\">03.09.2014 &#8212; An der Hochschule Osnabr\u00fcck entwickeln Wissenschaftlerinnen und Wissenschaftler in den kommenden Jahren fach\u00fcbergreifend physiotherapeutische Konzepte, um den zahlreichen Erkrankungen vorzubeugen, die besonders mit dem professionellen Spielen von Instrumenten einhergehen k\u00f6nnen.<\/span><\/p>\n<p><span style=\"font-family: arial,helvetica,sans-serif; font-size: small;\"><strong>03.09.2014 &#8212; An der Hochschule Osnabr\u00fcck entwickeln Wissenschaftlerinnen und Wissenschaftler in den kommenden Jahren fach\u00fcbergreifend physiotherapeutische Konzepte, um den zahlreichen Erkrankungen vorzubeugen, die besonders mit dem professionellen Spielen von Instrumenten einhergehen k\u00f6nnen.<\/strong><\/span><\/p>\n<p><span style=\"font-family: arial,helvetica,sans-serif; font-size: small;\">\u00a0<\/span><\/p>\n<p><span style=\"font-family: arial,helvetica,sans-serif; font-size: small;\">Der Forschungsschwerpunkt wird in den kommenden drei bis f\u00fcnf Jahren mit rund 600&#8217;000 Euro aus internen Mitteln gef\u00f6rdert. Eine Forschungsgruppe von acht Wissenschaftlerinnen und Wissenschaftlern wird dabei unter dem Kurztitel \u00abMusikPhysioAnalysis\u00bb auf verschiedene Instrumente abgestimmte physiotherapeutische Pr\u00e4ventionskonzepte entwickeln.<\/span><\/p>\n<p>\u00a0<\/p>\n<p><span style=\"font-family: arial,helvetica,sans-serif; font-size: small;\">Laut Christoff Zalpour, Direktor des Instituts f\u00fcr angewandte Physiotherapie und Osteopathie (INAP\/O), einer Tochtereinrichtung der Hochschule, und Sprecher des neuen Binnenforschungsschwerpunktes, ergeben sich an der Hochschule Osnabr\u00fcck ideale Voraussetzungen f\u00fcr derartige Vorhaben: Das INAP\/O hat seinen Sitz im selben Geb\u00e4ude wie das Institut f\u00fcr Musik der Hochschule Osnabr\u00fcck, und seit langem ist dort eine Musikersprechstunde etabliert. <em>(cf) \u00a0<\/em> <\/span><\/p>\n<p><span style=\"font-family: arial,helvetica,sans-serif; font-size: small;\">\u00a0<\/span><\/p>\n","protected":false},"excerpt":{"rendered":"<p><span style=\"font-family: arial,helvetica,sans-serif; font-size: small;\">03.09.2014 &#8212; An der Hochschule Osnabr\u00fcck entwickeln Wissenschaftlerinnen und Wissenschaftler in den kommenden Jahren fach\u00fcbergreifend physiotherapeutische Konzepte, um den zahlreichen Erkrankungen vorzubeugen, die besonders mit dem professionellen Spielen von Instrumenten einhergehen k\u00f6nnen.<\/span><\/p>\n","protected":false},"author":1,"featured_media":0,"comment_status":"open","ping_status":"open","sticky":false,"template":"","format":"standard","meta":{"footnotes":""},"categories":[2],"tags":[],"class_list":["post-1685","post","type-post","status-publish","format-standard","hentry","category-nachrichten","entry"],"_links":{"self":[{"href":"https:\/\/codexflores.ch\/index.php\/wp-json\/wp\/v2\/posts\/1685","targetHints":{"allow":["GET"]}}],"collection":[{"href":"https:\/\/codexflores.ch\/index.php\/wp-json\/wp\/v2\/posts"}],"about":[{"href":"https:\/\/codexflores.ch\/index.php\/wp-json\/wp\/v2\/types\/post"}],"author":[{"embeddable":true,"href":"https:\/\/codexflores.ch\/index.php\/wp-json\/wp\/v2\/users\/1"}],"replies":[{"embeddable":true,"href":"https:\/\/codexflores.ch\/index.php\/wp-json\/wp\/v2\/comments?post=1685"}],"version-history":[{"count":0,"href":"https:\/\/codexflores.ch\/index.php\/wp-json\/wp\/v2\/posts\/1685\/revisions"}],"wp:attachment":[{"href":"https:\/\/codexflores.ch\/index.php\/wp-json\/wp\/v2\/media?parent=1685"}],"wp:term":[{"taxonomy":"category","embeddable":true,"href":"https:\/\/codexflores.ch\/index.php\/wp-json\/wp\/v2\/categories?post=1685"},{"taxonomy":"post_tag","embeddable":true,"href":"https:\/\/codexflores.ch\/index.php\/wp-json\/wp\/v2\/tags?post=1685"}],"curies":[{"name":"wp","href":"https:\/\/api.w.org\/{rel}","templated":true}]}}