{"id":1686,"date":"2014-09-04T05:58:19","date_gmt":"2014-09-04T05:58:19","guid":{"rendered":"https:\/\/codexflores.ch\/index.php\/2014\/09\/04\/roth-ad-interim-zum-gesamtleiter-des-mk-winterthur\/"},"modified":"2014-09-04T05:58:19","modified_gmt":"2014-09-04T05:58:19","slug":"roth-ad-interim-zum-gesamtleiter-des-mk-winterthur","status":"publish","type":"post","link":"https:\/\/codexflores.ch\/index.php\/2014\/09\/04\/roth-ad-interim-zum-gesamtleiter-des-mk-winterthur\/","title":{"rendered":"Samuel Roth ad interim Gesamtleiter des MK Winterthur"},"content":{"rendered":"<p><span style=\"font-family: arial,helvetica,sans-serif; font-size: small;\">04.09.2014 &#8212; Samuel Roth,\u00a0der bisherige Verwaltungsdirektor des <span style=\"font-family: arial,helvetica,sans-serif; font-size: small;\">Musikkollegiums Winterthur<\/span>, ist f\u00fcr die Spielzeit 2014\/15 ad interim zum Gesamtleiter des <span style=\"font-family: arial,helvetica,sans-serif; font-size: small;\">Ensembles <\/span>ernannt worden.<\/span><\/p>\n<p><span style=\"font-family: arial,helvetica,sans-serif; font-size: small;\"><strong>04.09.2014 &#8212;\u00a0<span style=\"font-family: arial,helvetica,sans-serif; font-size: small;\">Samuel Roth,\u00a0der bisherige Verwaltungsdirektor des <span style=\"font-family: arial,helvetica,sans-serif; font-size: small;\">Musikkollegiums Winterthur<\/span>, ist f\u00fcr die Spielzeit 2014\/15 ad interim zum Gesamtleiter des <span style=\"font-family: arial,helvetica,sans-serif; font-size: small;\">Ensembles <\/span>ernannt worden.<\/span><\/strong><\/span><\/p>\n<p><span style=\"font-family: arial,helvetica,sans-serif; font-size: small;\">\u00a0<\/span><\/p>\n<p><span style=\"font-family: arial,helvetica,sans-serif; font-size: small;\">Roth ist seit Januar 2014 als Verwaltungsdirektor beim Musikkollegium Winterthur t\u00e4tig. Als solcher leitete er die Geschicke des Orchesters zuerst in Kodirektion mit dem Intendanten Thomas Pfiffner und seit dessen R\u00fccktritt per Ende M\u00e4rz 2014 allein. Der Vorstand habe entschieden, diese L\u00f6sung f\u00fcr die Saison 2014\/15 weiterzuf\u00fchren und vorl\u00e4ufig auf die Anstellung eines neuen Intendanten zu verzichten, schreibt das Orchester.<\/span><\/p>\n<p><span style=\"font-family: arial,helvetica,sans-serif; font-size: small;\">\u00a0<\/span><\/p>\n<p><span style=\"font-family: arial,helvetica,sans-serif; font-size: small;\">Samuel Roth erachte es als wichtig, dass sich der Vorstand die notwendige Zeit nehme, um eine tragf\u00e4hige L\u00f6sung f\u00fcr die Zukunft zu finden. Deshalb habe er sich bereit erkl\u00e4rt, seine sonstigen beruflichen Verpflichtungen auf ein Minimum zu reduzieren und die Verantwortung f\u00fcr die k\u00fcnstlerische Planung des Musikkollegiums interimistisch zu \u00fcbernehmen. Der k\u00fcnstlerische Beirat, ein Gremium aus Chefdirigent und Orchestervertretern, wird ihn bei der Programmierung unterst\u00fctzen. <em>(cf)<\/em><\/span><\/p>\n<p><span style=\"font-family: arial,helvetica,sans-serif; font-size: small;\">\u00a0<\/span><\/p>\n","protected":false},"excerpt":{"rendered":"<p><span style=\"font-family: arial,helvetica,sans-serif; font-size: small;\">04.09.2014 &#8212; Samuel Roth,\u00a0der bisherige Verwaltungsdirektor des <span style=\"font-family: arial,helvetica,sans-serif; font-size: small;\">Musikkollegiums Winterthur<\/span>, ist f\u00fcr die Spielzeit 2014\/15 ad interim zum Gesamtleiter des <span style=\"font-family: arial,helvetica,sans-serif; font-size: small;\">Ensembles <\/span>ernannt worden.<\/span><\/p>\n","protected":false},"author":1,"featured_media":0,"comment_status":"open","ping_status":"open","sticky":false,"template":"","format":"standard","meta":{"footnotes":""},"categories":[2],"tags":[],"class_list":["post-1686","post","type-post","status-publish","format-standard","hentry","category-nachrichten","entry"],"_links":{"self":[{"href":"https:\/\/codexflores.ch\/index.php\/wp-json\/wp\/v2\/posts\/1686","targetHints":{"allow":["GET"]}}],"collection":[{"href":"https:\/\/codexflores.ch\/index.php\/wp-json\/wp\/v2\/posts"}],"about":[{"href":"https:\/\/codexflores.ch\/index.php\/wp-json\/wp\/v2\/types\/post"}],"author":[{"embeddable":true,"href":"https:\/\/codexflores.ch\/index.php\/wp-json\/wp\/v2\/users\/1"}],"replies":[{"embeddable":true,"href":"https:\/\/codexflores.ch\/index.php\/wp-json\/wp\/v2\/comments?post=1686"}],"version-history":[{"count":0,"href":"https:\/\/codexflores.ch\/index.php\/wp-json\/wp\/v2\/posts\/1686\/revisions"}],"wp:attachment":[{"href":"https:\/\/codexflores.ch\/index.php\/wp-json\/wp\/v2\/media?parent=1686"}],"wp:term":[{"taxonomy":"category","embeddable":true,"href":"https:\/\/codexflores.ch\/index.php\/wp-json\/wp\/v2\/categories?post=1686"},{"taxonomy":"post_tag","embeddable":true,"href":"https:\/\/codexflores.ch\/index.php\/wp-json\/wp\/v2\/tags?post=1686"}],"curies":[{"name":"wp","href":"https:\/\/api.w.org\/{rel}","templated":true}]}}