{"id":1688,"date":"2014-09-04T14:49:42","date_gmt":"2014-09-04T14:49:42","guid":{"rendered":"https:\/\/codexflores.ch\/index.php\/2014\/09\/04\/mutloser-schweizer-fachverband-fuer-musiktherapie\/"},"modified":"2014-09-04T14:49:42","modified_gmt":"2014-09-04T14:49:42","slug":"mutloser-schweizer-fachverband-fuer-musiktherapie","status":"publish","type":"post","link":"https:\/\/codexflores.ch\/index.php\/2014\/09\/04\/mutloser-schweizer-fachverband-fuer-musiktherapie\/","title":{"rendered":"Mutloser Schweizer Fachverband f\u00fcr Musiktherapie"},"content":{"rendered":"<p style=\"text-align: center;\"><em>von Wolfgang B\u00f6hler<\/p>\n<p><\/em><\/p>\n<p><img decoding=\"async\" src=\"images\/kolumnewb.jpg\" border=\"0\" alt=\"Portr\u00e4t Wolfgang B\u00f6hler\" style=\"float: left; margin: 4px;\" \/>Der Vorstand des Schweizerischen Fachverbandes f\u00fcr Musiktherapie (SFMT) entschuldigt sich bei einer Referentin \u00fcber den angeblich \u00abunachtsamen Umgang in Bezug auf die Ver\u00f6ffentlichung\u00bb eines <a href=\"http:\/\/www.codexflores.ch\/index.php\/kritiken-und-berichte\/8-kritiken\/80-musiktherapie-und-neurologische-rehabilitation\">kritischen Berichtes<\/a> \u00fcber ihren Vortrag an einer Fachtagung in der Rehaklinik Bellikon (siehe <a href=\"http:\/\/www.codexflores.ch\/index.php\/component\/content\/article\/2-nachrichten\/1689-sfmt-distanziert-sich-von-codex-flores-berichterstattung\">Codex-flores-Nachricht<\/a>) und den ihr in diesem Zusammenhang angeblich \u00abentstandenen Schaden\u00bb. Die entsprechende Unterlassungerkl\u00e4rung ist vom SFMT-Vorstand aufgrund einer anwaltlichen Klagedrohung im Eiltempo verschickt worden, ohne dass ich als Autor des Berichtes oder die Klinik Bellikon als Veranstalterin der Tagung davon Kenntnis gehabt h\u00e4tten. Der SFMT-Vorstand hat der betroffenen Referentin \u00fcberdies eine Aufwandentsch\u00e4digung bezahlt. Auf meine Bitte, \u00fcber die gleichen Kan\u00e4le zu der Sache differenziert und in etwa demselben Umfang wie die Unterlassungserkl\u00e4rung Stellung nehmen zu d\u00fcrfen, hat sich der SFMT-Vorstand viel Zeit genommen. Ich habe die Bitte anfang August ge\u00e4ussert und nun anfang September auf Nachfrage eine abschl\u00e4gige Antwort erhalten. Der SFMT-Vorstand beschr\u00e4nkt sich auf eine Minimalstvariante, im Prinzip um Gegendarstellungsrecht Gen\u00fcge zu tun. Man kann dies nur als (schwer verst\u00e4ndliche) Parteinahme f\u00fcr die betreffende Referentin deuten.<\/p>\n<p style=\"text-align: center;\">\u00a0<em>von Wolfgang B\u00f6hler<\/p>\n<p><\/em><\/p>\n<p><img decoding=\"async\" src=\"images\/kolumnewb.jpg\" border=\"0\" alt=\"Portr\u00e4t Wolfgang B\u00f6hler\" style=\"float: left; margin: 4px;\" \/>Der Vorstand des Schweizerischen Fachverbandes f\u00fcr Musiktherapie (SFMT) entschuldigt sich bei einer Referentin \u00fcber den angeblich \u00abunachtsamen Umgang in Bezug auf die Ver\u00f6ffentlichung\u00bb eines <a href=\"http:\/\/www.codexflores.ch\/index.php\/kritiken-und-berichte\/8-kritiken\/80-musiktherapie-und-neurologische-rehabilitation\">kritischen Berichtes<\/a> \u00fcber ihren Vortrag an einer Fachtagung in der Rehaklinik Bellikon (siehe <a href=\"http:\/\/www.codexflores.ch\/index.php\/component\/content\/article\/2-nachrichten\/1689-sfmt-distanziert-sich-von-codex-flores-berichterstattung\">Codex-flores-Nachricht<\/a>) und den ihr in diesem Zusammenhang angeblich \u00abentstandenen Schaden\u00bb. Die entsprechende Unterlassungerkl\u00e4rung ist vom SFMT-Vorstand aufgrund einer anwaltlichen Klagedrohung im Eiltempo verschickt worden, ohne dass ich als Autor des Berichtes oder die Klinik Bellikon als Veranstalterin der Tagung davon Kenntnis gehabt h\u00e4tten. Der SFMT-Vorstand hat der betroffenen Referentin \u00fcberdies eine Aufwandentsch\u00e4digung bezahlt. Auf meine Bitte, \u00fcber die gleichen Kan\u00e4le zu der Sache differenziert und in etwa demselben Umfang wie die Unterlassungserkl\u00e4rung Stellung nehmen zu d\u00fcrfen, hat sich der SFMT-Vorstand viel Zeit genommen. Ich habe die Bitte anfang August ge\u00e4ussert und nun anfang September auf Nachfrage eine abschl\u00e4gige Antwort erhalten. Der SFMT-Vorstand beschr\u00e4nkt sich auf eine Minimalstvariante, im Prinzip um Gegendarstellungsrecht Gen\u00fcge zu tun. Man kann dies nur als (schwer verst\u00e4ndliche) Parteinahme f\u00fcr die betreffende Referentin deuten.<\/p>\n<p>\u00a0<\/p>\n<p>Der SFMT-Vorstandes hat in dieser Sache sicherlich alles andere als souver\u00e4n agiert. Menschlich ist das verst\u00e4ndlich, weil er f\u00fcr derartig inakzeptable Machtattit\u00fcden im Rahmen eines rationalen wissenschaftlichen Diskurses nicht ger\u00fcstet ist. Der Skandal in der Geschichte ist nicht das Handeln des SFMT-Vorstandes. Sich ohne R\u00fcckfrage beim Verfasser f\u00fcr einen inhaltlich korrekten und sachlich-respektvoll verfassten Text gegen\u00fcber Verbandsmitgliedern zu entschuldigen, ist zwar ein starkes St\u00fcck. Dies kann man mit gutem Willen aber als Ausdruck von Hilflosigkeit betrachten. V\u00f6llig inakzeptabel ist jedoch das Vorgehen der betroffenen Referentin. Dieser Art des Umgangs miteinander im Dialog um die wissenschaftlichen Grundlagen der Musiktherapie muss entschieden entgegengetreten werden. Leider ist die Geschichte kein Einzelfall. Dass Fachdebatten unter Beizug von Anw\u00e4lten, Klagedrohungen, Ehrverletzungsprozessen und anderen b\u00f6sartigen Mitteln der Diskursverhinderung erstickt werden, darf nicht sein. Das muss einfach aufh\u00f6ren, wenn sich die Musiktherapie im deutschsprachigen Raum \u00fcber ihre Fachgemeinschaft hinaus den Respekt verschaffen will, den sie tats\u00e4chlich verdient.<\/p>\n<p>\u00a0<\/p>\n<p>Der SFMT-Vorstand sollte aus der Geschichte seine Lehren ziehen. K\u00fcnftig wird man vermehrt mit derartigen Maulkorb-Strategien konfrontiert werden, wenn es so einfach ist, damit Erfolge zu erzielen. Dass damit das F\u00fchren einer offenen, zeitgem\u00e4ssen Debatte erstickt wird, muss verhindert werden. Es ist eine der zentralen Aufgaben eines Fachverbandes, den herrschaftsfreien rationalen Fachdiskurs in seinem Wirkkreis zu garantieren. Daf\u00fcr wird er k\u00fcnftig sorgen m\u00fcssen, will er seine Glaubw\u00fcrdigkeit nicht aufs Spiel setzen.<\/p>\n","protected":false},"excerpt":{"rendered":"<p style=\"text-align: center;\"><em>von Wolfgang B\u00f6hler<\/p>\n<p><\/em><\/p>\n<p><img decoding=\"async\" src=\"images\/kolumnewb.jpg\" border=\"0\" alt=\"Portr\u00e4t Wolfgang B\u00f6hler\" style=\"float: left; margin: 4px;\" \/>Der Vorstand des Schweizerischen Fachverbandes f\u00fcr Musiktherapie (SFMT) entschuldigt sich bei einer Referentin \u00fcber den angeblich \u00abunachtsamen Umgang in Bezug auf die Ver\u00f6ffentlichung\u00bb eines <a href=\"http:\/\/www.codexflores.ch\/index.php\/kritiken-und-berichte\/8-kritiken\/80-musiktherapie-und-neurologische-rehabilitation\">kritischen Berichtes<\/a> \u00fcber ihren Vortrag an einer Fachtagung in der Rehaklinik Bellikon (siehe <a href=\"http:\/\/www.codexflores.ch\/index.php\/component\/content\/article\/2-nachrichten\/1689-sfmt-distanziert-sich-von-codex-flores-berichterstattung\">Codex-flores-Nachricht<\/a>) und den ihr in diesem Zusammenhang angeblich \u00abentstandenen Schaden\u00bb. Die entsprechende Unterlassungerkl\u00e4rung ist vom SFMT-Vorstand aufgrund einer anwaltlichen Klagedrohung im Eiltempo verschickt worden, ohne dass ich als Autor des Berichtes oder die Klinik Bellikon als Veranstalterin der Tagung davon Kenntnis gehabt h\u00e4tten. Der SFMT-Vorstand hat der betroffenen Referentin \u00fcberdies eine Aufwandentsch\u00e4digung bezahlt. Auf meine Bitte, \u00fcber die gleichen Kan\u00e4le zu der Sache differenziert und in etwa demselben Umfang wie die Unterlassungserkl\u00e4rung Stellung nehmen zu d\u00fcrfen, hat sich der SFMT-Vorstand viel Zeit genommen. Ich habe die Bitte anfang August ge\u00e4ussert und nun anfang September auf Nachfrage eine abschl\u00e4gige Antwort erhalten. Der SFMT-Vorstand beschr\u00e4nkt sich auf eine Minimalstvariante, im Prinzip um Gegendarstellungsrecht Gen\u00fcge zu tun. Man kann dies nur als (schwer verst\u00e4ndliche) Parteinahme f\u00fcr die betreffende Referentin deuten.<\/p>\n","protected":false},"author":1,"featured_media":0,"comment_status":"open","ping_status":"open","sticky":false,"template":"","format":"standard","meta":{"footnotes":""},"categories":[5],"tags":[],"class_list":["post-1688","post","type-post","status-publish","format-standard","hentry","category-editorials","entry"],"_links":{"self":[{"href":"https:\/\/codexflores.ch\/index.php\/wp-json\/wp\/v2\/posts\/1688","targetHints":{"allow":["GET"]}}],"collection":[{"href":"https:\/\/codexflores.ch\/index.php\/wp-json\/wp\/v2\/posts"}],"about":[{"href":"https:\/\/codexflores.ch\/index.php\/wp-json\/wp\/v2\/types\/post"}],"author":[{"embeddable":true,"href":"https:\/\/codexflores.ch\/index.php\/wp-json\/wp\/v2\/users\/1"}],"replies":[{"embeddable":true,"href":"https:\/\/codexflores.ch\/index.php\/wp-json\/wp\/v2\/comments?post=1688"}],"version-history":[{"count":0,"href":"https:\/\/codexflores.ch\/index.php\/wp-json\/wp\/v2\/posts\/1688\/revisions"}],"wp:attachment":[{"href":"https:\/\/codexflores.ch\/index.php\/wp-json\/wp\/v2\/media?parent=1688"}],"wp:term":[{"taxonomy":"category","embeddable":true,"href":"https:\/\/codexflores.ch\/index.php\/wp-json\/wp\/v2\/categories?post=1688"},{"taxonomy":"post_tag","embeddable":true,"href":"https:\/\/codexflores.ch\/index.php\/wp-json\/wp\/v2\/tags?post=1688"}],"curies":[{"name":"wp","href":"https:\/\/api.w.org\/{rel}","templated":true}]}}