{"id":1690,"date":"2014-09-05T06:33:29","date_gmt":"2014-09-05T06:33:29","guid":{"rendered":"https:\/\/codexflores.ch\/index.php\/2014\/09\/05\/luisi-will-met-vertrag-nicht-verlaengern\/"},"modified":"2014-09-05T06:33:29","modified_gmt":"2014-09-05T06:33:29","slug":"luisi-will-met-vertrag-nicht-verlaengern","status":"publish","type":"post","link":"https:\/\/codexflores.ch\/index.php\/2014\/09\/05\/luisi-will-met-vertrag-nicht-verlaengern\/","title":{"rendered":"Luisi will Met-Vertrag nicht verl\u00e4ngern"},"content":{"rendered":"<p><span style=\"font-family: arial,helvetica,sans-serif; font-size: small;\">05.09.2014 &#8212; Fabio Luisi hat offenbar keine Ambitionen, an der New Yorker Met zum Nachfolger von James Levine zu werden. Einer d\u00e4nischen Zeitung gegn\u00fcber hat er erkl\u00e4rt, er werde seinen New Yorker Vertrag als Principal Conductor nicht \u00fcber 2017 hinaus verl\u00e4ngern. Luisi ist auch Generalmusikdirektor der Z\u00fcrcher Oper.<\/span><\/p>\n<p><span style=\"font-family: arial,helvetica,sans-serif; font-size: small;\"><strong>05.09.2014 &#8212; Fabio Luisi hat offenbar keine Ambitionen, an der New Yorker Met zum Nachfolger von James Levine zu werden. Einer d\u00e4nischen Zeitung gegn\u00fcber hat er erkl\u00e4rt, er werde seinen New Yorker Vertrag als Principal Conductor nicht \u00fcber 2017 hinaus verl\u00e4ngern. Luisi ist auch Generalmusikdirektor der Z\u00fcrcher Oper.<\/strong><\/span><\/p>\n<p><span style=\"font-family: arial,helvetica,sans-serif; font-size: small;\">\u00a0<\/span><\/p>\n<p><span style=\"font-family: arial,helvetica,sans-serif; font-size: small;\">Luisi will sich laut eigenen Angaben ab 2017 auf seine Aufgaben als Generalmusikdirektor der Oper in Z\u00fcrich und als Principal Conductor des Danish National Symphony Orchestra konzentrieren. Sein Vertrag mit der Oper in Z\u00fcrich wurde bis 2022 verl\u00e4ngert.<br \/><\/span><\/p>\n<p><span style=\"font-family: arial,helvetica,sans-serif; font-size: small;\">\u00a0<\/span><\/p>\n<p><span style=\"font-family: arial,helvetica,sans-serif; font-size: small;\">Der Genuese Fabio Luisi wurde 2011 zum Principal Conductor der Metropolitan Opera, nachdem er dort bereits seit September 2010 als Principal Guest Conductor gewirkt hatte. Von 2005 bis 2013 war er Chefdirigent der Wiener Symphoniker. Zuvor amtete er unter anderem auch als Musikdirektor des Orchestre de la Suisse Romande (1997-2002). <em>(cf)\u00a0<\/em> <\/span><\/p>\n","protected":false},"excerpt":{"rendered":"<p><span style=\"font-family: arial,helvetica,sans-serif; font-size: small;\">05.09.2014 &#8212; Fabio Luisi hat offenbar keine Ambitionen, an der New Yorker Met zum Nachfolger von James Levine zu werden. Einer d\u00e4nischen Zeitung gegn\u00fcber hat er erkl\u00e4rt, er werde seinen New Yorker Vertrag als Principal Conductor nicht \u00fcber 2017 hinaus verl\u00e4ngern. Luisi ist auch Generalmusikdirektor der Z\u00fcrcher Oper.<\/span><\/p>\n","protected":false},"author":1,"featured_media":0,"comment_status":"open","ping_status":"open","sticky":false,"template":"","format":"standard","meta":{"footnotes":""},"categories":[2],"tags":[],"class_list":["post-1690","post","type-post","status-publish","format-standard","hentry","category-nachrichten","entry"],"_links":{"self":[{"href":"https:\/\/codexflores.ch\/index.php\/wp-json\/wp\/v2\/posts\/1690","targetHints":{"allow":["GET"]}}],"collection":[{"href":"https:\/\/codexflores.ch\/index.php\/wp-json\/wp\/v2\/posts"}],"about":[{"href":"https:\/\/codexflores.ch\/index.php\/wp-json\/wp\/v2\/types\/post"}],"author":[{"embeddable":true,"href":"https:\/\/codexflores.ch\/index.php\/wp-json\/wp\/v2\/users\/1"}],"replies":[{"embeddable":true,"href":"https:\/\/codexflores.ch\/index.php\/wp-json\/wp\/v2\/comments?post=1690"}],"version-history":[{"count":0,"href":"https:\/\/codexflores.ch\/index.php\/wp-json\/wp\/v2\/posts\/1690\/revisions"}],"wp:attachment":[{"href":"https:\/\/codexflores.ch\/index.php\/wp-json\/wp\/v2\/media?parent=1690"}],"wp:term":[{"taxonomy":"category","embeddable":true,"href":"https:\/\/codexflores.ch\/index.php\/wp-json\/wp\/v2\/categories?post=1690"},{"taxonomy":"post_tag","embeddable":true,"href":"https:\/\/codexflores.ch\/index.php\/wp-json\/wp\/v2\/tags?post=1690"}],"curies":[{"name":"wp","href":"https:\/\/api.w.org\/{rel}","templated":true}]}}