{"id":1694,"date":"2014-09-05T22:01:27","date_gmt":"2014-09-05T22:01:27","guid":{"rendered":"https:\/\/codexflores.ch\/index.php\/2014\/09\/05\/sofortiger-ruecktritt-welser-moests-als-gmd-der-wiener-staatsoper\/"},"modified":"2014-09-05T22:01:27","modified_gmt":"2014-09-05T22:01:27","slug":"sofortiger-ruecktritt-welser-moests-als-gmd-der-wiener-staatsoper","status":"publish","type":"post","link":"https:\/\/codexflores.ch\/index.php\/2014\/09\/05\/sofortiger-ruecktritt-welser-moests-als-gmd-der-wiener-staatsoper\/","title":{"rendered":"Sofortiger R\u00fccktritt Welser-M\u00f6sts als GMD der Wiener Staatsoper"},"content":{"rendered":"<p><span style=\"font-family: arial,helvetica,sans-serif; font-size: small;\">05.09.2014 &#8212; Franz Welser-M\u00f6st legt sein Amt als Generalmusikdirektor der Wiener Staatsoper mit sofortiger Wirkung nieder. Veranlassung sind offenbar un\u00fcberbr\u00fcckbare k\u00fcnstlerische Differenzen mir dem\u00a0 Staatsoperndirektor Dominique Meyer.<\/span><\/p>\n<p><span style=\"font-family: arial,helvetica,sans-serif; font-size: small;\"><strong>05.09.2014 &#8212; Franz Welser-M\u00f6st legt sein Amt als Generalmusikdirektor der Wiener Staatsoper mit sofortiger Wirkung nieder. Veranlassung sind offenbar un\u00fcberbr\u00fcckbare k\u00fcnstlerische Differenzen mir dem\u00a0 Staatsoperndirektor Dominique Meyer.<\/strong><\/span><\/p>\n<p>\u00a0<\/p>\n<p><span style=\"font-family: arial,helvetica,sans-serif; font-size: small;\">In einem offiziellen Statement schreibt Meyer auf der Webseite der Staatsoper, er habe \u00abmit grossem Bedauern\u00bb den Brief von Franz Welser-M\u00f6st entgegengenommen, in dem er seinen Verzicht auf seine Verpflichtung als Generalmusikdirektor mitgeteile sowie alle Dirigate in der laufenden Spielzeit zur\u00fcckgelegt habe.<\/span><\/p>\n<p>\u00a0<\/p>\n<p><span style=\"font-family: arial,helvetica,sans-serif; font-size: small;\"> Es gelte nun, so rasch wie m\u00f6glich ad\u00e4quaten Ersatz f\u00fcr die Auff\u00fchrungen zu finden, die Welser-M\u00f6st 2014\/2015 an der Wiener Staatsoper h\u00e4tte dirigieren sollen. Dies betrifft 34 Vorstellungen, darunter die zwei mit ihm geplanten Premieren von <em>Rigoletto<\/em> und <em>Elektra<\/em>. <em>(cf)<\/em><\/span><\/p>\n","protected":false},"excerpt":{"rendered":"<p><span style=\"font-family: arial,helvetica,sans-serif; font-size: small;\">05.09.2014 &#8212; Franz Welser-M\u00f6st legt sein Amt als Generalmusikdirektor der Wiener Staatsoper mit sofortiger Wirkung nieder. Veranlassung sind offenbar un\u00fcberbr\u00fcckbare k\u00fcnstlerische Differenzen mir dem\u00a0 Staatsoperndirektor Dominique Meyer.<\/span><\/p>\n","protected":false},"author":1,"featured_media":0,"comment_status":"open","ping_status":"open","sticky":false,"template":"","format":"standard","meta":{"footnotes":""},"categories":[2],"tags":[],"class_list":["post-1694","post","type-post","status-publish","format-standard","hentry","category-nachrichten","entry"],"_links":{"self":[{"href":"https:\/\/codexflores.ch\/index.php\/wp-json\/wp\/v2\/posts\/1694","targetHints":{"allow":["GET"]}}],"collection":[{"href":"https:\/\/codexflores.ch\/index.php\/wp-json\/wp\/v2\/posts"}],"about":[{"href":"https:\/\/codexflores.ch\/index.php\/wp-json\/wp\/v2\/types\/post"}],"author":[{"embeddable":true,"href":"https:\/\/codexflores.ch\/index.php\/wp-json\/wp\/v2\/users\/1"}],"replies":[{"embeddable":true,"href":"https:\/\/codexflores.ch\/index.php\/wp-json\/wp\/v2\/comments?post=1694"}],"version-history":[{"count":0,"href":"https:\/\/codexflores.ch\/index.php\/wp-json\/wp\/v2\/posts\/1694\/revisions"}],"wp:attachment":[{"href":"https:\/\/codexflores.ch\/index.php\/wp-json\/wp\/v2\/media?parent=1694"}],"wp:term":[{"taxonomy":"category","embeddable":true,"href":"https:\/\/codexflores.ch\/index.php\/wp-json\/wp\/v2\/categories?post=1694"},{"taxonomy":"post_tag","embeddable":true,"href":"https:\/\/codexflores.ch\/index.php\/wp-json\/wp\/v2\/tags?post=1694"}],"curies":[{"name":"wp","href":"https:\/\/api.w.org\/{rel}","templated":true}]}}