{"id":1695,"date":"2014-09-08T05:26:57","date_gmt":"2014-09-08T05:26:57","guid":{"rendered":"https:\/\/codexflores.ch\/index.php\/2014\/09\/08\/175-jahre-luzerner-theater-die-festbilanz\/"},"modified":"2014-09-08T05:26:57","modified_gmt":"2014-09-08T05:26:57","slug":"175-jahre-luzerner-theater-die-festbilanz","status":"publish","type":"post","link":"https:\/\/codexflores.ch\/index.php\/2014\/09\/08\/175-jahre-luzerner-theater-die-festbilanz\/","title":{"rendered":"175 Jahre Luzerner Theater &#8212; die Festbilanz"},"content":{"rendered":"<p><span style=\"font-family: arial,helvetica,sans-serif; font-size: small;\">08.09l2014 &#8212; \u00dcber 8500 Besucher haben am Samstag die Jubil\u00e4umsfeier \u00abDas Fest\u00bb des Luzerner Theaters besucht. Gefeiert wurde an allen Wirkungsst\u00e4tten des Hauses: im Probenhaus S\u00fcdpol, in den Theaterwerkst\u00e4tten, im UG sowie im und vor dem Luzerner Theater.<\/span><\/p>\n<p><span style=\"font-family: arial,helvetica,sans-serif; font-size: small;\"><strong>08.09l2014 &#8212; \u00dcber 8500 Besucher haben am Samstag die Jubil\u00e4umsfeier \u00abDas Fest\u00bb des Luzerner Theaters besucht. Gefeiert wurde an allen Wirkungsst\u00e4tten des Hauses: im Probenhaus S\u00fcdpol, in den Theaterwerkst\u00e4tten, im UG sowie im und vor dem Luzerner Theater.<\/strong><\/span><\/p>\n<p><span style=\"font-family: arial,helvetica,sans-serif; font-size: small;\">\u00a0<\/span><\/p>\n<p><span style=\"font-family: arial,helvetica,sans-serif; font-size: small;\">W\u00e4hrend des gesamten Tages konnten die Besucherinnen und Besucher den Ensembles und Teams \u00fcber die Schulter schauen und erleben, wie Theater entsteht. Diverse Workshops, offene Proben und F\u00fchrungen durch die Ateliers luden zum Entdecken und Mitmachen ein. Ein wichtiger Programmpunkt war der \u00abSpeakers Corner: Pl\u00e4doyers f\u00fcrs Theater\u00bb, an welchem unter anderem Michael Haefliger und Marcel Perren \u00f6ffentlich \u00fcber die Zukunft des Theaters diskutierten.<\/span><\/p>\n<p><span style=\"font-family: arial,helvetica,sans-serif; font-size: small;\">\u00a0<\/span><\/p>\n<p><span style=\"font-family: arial,helvetica,sans-serif; font-size: small;\">Das 1839 erbaute Luzerner Theater ist das \u00e4lteste noch bespielte Berufstheater der Schweiz. Es ist 2012 renoviert worden und wird seit 2004 vom Intendanten Dominique Mentha geleitet. In den drei Sparten Musiktheater, Schauspiel und Tanz bringt es heute pro Spielzeit rund 22 Produktionen auf die B\u00fchne. <em>(cf)<\/em><\/span><\/p>\n<p><span style=\"font-family: arial,helvetica,sans-serif; font-size: small;\">\u00a0<\/span><\/p>\n<p>\u00a0<\/p>\n","protected":false},"excerpt":{"rendered":"<p><span style=\"font-family: arial,helvetica,sans-serif; font-size: small;\">08.09l2014 &#8212; \u00dcber 8500 Besucher haben am Samstag die Jubil\u00e4umsfeier \u00abDas Fest\u00bb des Luzerner Theaters besucht. Gefeiert wurde an allen Wirkungsst\u00e4tten des Hauses: im Probenhaus S\u00fcdpol, in den Theaterwerkst\u00e4tten, im UG sowie im und vor dem Luzerner Theater.<\/span><\/p>\n","protected":false},"author":1,"featured_media":0,"comment_status":"open","ping_status":"open","sticky":false,"template":"","format":"standard","meta":{"footnotes":""},"categories":[2],"tags":[],"class_list":["post-1695","post","type-post","status-publish","format-standard","hentry","category-nachrichten","entry"],"_links":{"self":[{"href":"https:\/\/codexflores.ch\/index.php\/wp-json\/wp\/v2\/posts\/1695","targetHints":{"allow":["GET"]}}],"collection":[{"href":"https:\/\/codexflores.ch\/index.php\/wp-json\/wp\/v2\/posts"}],"about":[{"href":"https:\/\/codexflores.ch\/index.php\/wp-json\/wp\/v2\/types\/post"}],"author":[{"embeddable":true,"href":"https:\/\/codexflores.ch\/index.php\/wp-json\/wp\/v2\/users\/1"}],"replies":[{"embeddable":true,"href":"https:\/\/codexflores.ch\/index.php\/wp-json\/wp\/v2\/comments?post=1695"}],"version-history":[{"count":0,"href":"https:\/\/codexflores.ch\/index.php\/wp-json\/wp\/v2\/posts\/1695\/revisions"}],"wp:attachment":[{"href":"https:\/\/codexflores.ch\/index.php\/wp-json\/wp\/v2\/media?parent=1695"}],"wp:term":[{"taxonomy":"category","embeddable":true,"href":"https:\/\/codexflores.ch\/index.php\/wp-json\/wp\/v2\/categories?post=1695"},{"taxonomy":"post_tag","embeddable":true,"href":"https:\/\/codexflores.ch\/index.php\/wp-json\/wp\/v2\/tags?post=1695"}],"curies":[{"name":"wp","href":"https:\/\/api.w.org\/{rel}","templated":true}]}}