{"id":1696,"date":"2014-09-08T05:36:54","date_gmt":"2014-09-08T05:36:54","guid":{"rendered":"https:\/\/codexflores.ch\/index.php\/2014\/09\/08\/zuercher-ehrenmedaille-fuer-udo-juergens\/"},"modified":"2014-09-08T05:36:54","modified_gmt":"2014-09-08T05:36:54","slug":"zuercher-ehrenmedaille-fuer-udo-juergens","status":"publish","type":"post","link":"https:\/\/codexflores.ch\/index.php\/2014\/09\/08\/zuercher-ehrenmedaille-fuer-udo-juergens\/","title":{"rendered":"Z\u00fcrcher Ehrenmedaille f\u00fcr Udo J\u00fcrgens"},"content":{"rendered":"<p><span style=\"font-family: arial,helvetica,sans-serif; font-size: small;\">08.09.2014 &#8212; Dem Komponisten, S\u00e4nger und Musiker Udo J\u00fcrgens ist im Hinblick auf seinem 80. Geburtstag durch die Stadtpr\u00e4sidentin Corine Mauch die Ehrenmedaille <em>Stadttaler der Stadt Z\u00fcrich<\/em> verliehen worden.<\/span><\/p>\n<p><span style=\"font-family: arial,helvetica,sans-serif; font-size: small;\"><strong>08.09.2014 &#8212; Dem Komponisten, S\u00e4nger und Musiker Udo J\u00fcrgens ist im Hinblick auf seinem 80. Geburtstag durch die Stadtpr\u00e4sidentin Corine Mauch die Ehrenmedaille <em>Stadttaler der Stadt Z\u00fcrich<\/em> verliehen worden.<\/strong><\/span><\/p>\n<p><span style=\"font-family: arial,helvetica,sans-serif; font-size: small;\">\u00a0<\/span><\/p>\n<p><span style=\"font-family: arial,helvetica,sans-serif; font-size: small;\">Udo J\u00fcrgens (Udo J\u00fcrgen Bockelmann) wurde am 30. September 1934 in Klagenfurt\/\u00d6sterreich geboren. Ab 1948 studierte er am Konservatorium Klagenfurt Klavier, Harmonielehre, Komposition und Gesang. Er lebt seit 1977 in der Schweiz, seit 1999 in Zumikon in der N\u00e4he der Stadt Z\u00fcrich. Seit Februar 2007 ist er Schweizer B\u00fcrger. (cf).<\/span><\/p>\n<p><span style=\"font-family: arial,helvetica,sans-serif; font-size: small;\">\u00a0<\/span><\/p>\n<p><span style=\"font-family: arial,helvetica,sans-serif; font-size: small;\">\u00a0<\/span><\/p>\n","protected":false},"excerpt":{"rendered":"<p><span style=\"font-family: arial,helvetica,sans-serif; font-size: small;\">08.09.2014 &#8212; Dem Komponisten, S\u00e4nger und Musiker Udo J\u00fcrgens ist im Hinblick auf seinem 80. Geburtstag durch die Stadtpr\u00e4sidentin Corine Mauch die Ehrenmedaille <em>Stadttaler der Stadt Z\u00fcrich<\/em> verliehen worden.<\/span><\/p>\n","protected":false},"author":1,"featured_media":0,"comment_status":"open","ping_status":"open","sticky":false,"template":"","format":"standard","meta":{"footnotes":""},"categories":[2],"tags":[],"class_list":["post-1696","post","type-post","status-publish","format-standard","hentry","category-nachrichten","entry"],"_links":{"self":[{"href":"https:\/\/codexflores.ch\/index.php\/wp-json\/wp\/v2\/posts\/1696","targetHints":{"allow":["GET"]}}],"collection":[{"href":"https:\/\/codexflores.ch\/index.php\/wp-json\/wp\/v2\/posts"}],"about":[{"href":"https:\/\/codexflores.ch\/index.php\/wp-json\/wp\/v2\/types\/post"}],"author":[{"embeddable":true,"href":"https:\/\/codexflores.ch\/index.php\/wp-json\/wp\/v2\/users\/1"}],"replies":[{"embeddable":true,"href":"https:\/\/codexflores.ch\/index.php\/wp-json\/wp\/v2\/comments?post=1696"}],"version-history":[{"count":0,"href":"https:\/\/codexflores.ch\/index.php\/wp-json\/wp\/v2\/posts\/1696\/revisions"}],"wp:attachment":[{"href":"https:\/\/codexflores.ch\/index.php\/wp-json\/wp\/v2\/media?parent=1696"}],"wp:term":[{"taxonomy":"category","embeddable":true,"href":"https:\/\/codexflores.ch\/index.php\/wp-json\/wp\/v2\/categories?post=1696"},{"taxonomy":"post_tag","embeddable":true,"href":"https:\/\/codexflores.ch\/index.php\/wp-json\/wp\/v2\/tags?post=1696"}],"curies":[{"name":"wp","href":"https:\/\/api.w.org\/{rel}","templated":true}]}}