{"id":1697,"date":"2014-09-08T06:10:17","date_gmt":"2014-09-08T06:10:17","guid":{"rendered":"https:\/\/codexflores.ch\/index.php\/2014\/09\/08\/domingo-bleibt-bis-2019-in-los-angeles\/"},"modified":"2014-09-08T06:10:17","modified_gmt":"2014-09-08T06:10:17","slug":"domingo-bleibt-bis-2019-in-los-angeles","status":"publish","type":"post","link":"https:\/\/codexflores.ch\/index.php\/2014\/09\/08\/domingo-bleibt-bis-2019-in-los-angeles\/","title":{"rendered":"Domingo bleibt bis 2019 in Los Angeles"},"content":{"rendered":"<p><span style=\"font-family: arial,helvetica,sans-serif; font-size: small;\">08.09.2014 &#8212; Placido Domingo hat seinen Vertrag als Direktor der Oper von Los Angeles bis 2019 verl\u00e4ngert. Der heute 73-J\u00e4hrige wurde 1984 k\u00fcnstlerischer Berater des Opernhauses, von 2001 bis 2003 k\u00fcnstlerischer Direktor und danach Generalmusikdirektor.<\/span><\/p>\n<p><span style=\"font-family: arial,helvetica,sans-serif; font-size: small;\"><strong>08.09.2014 &#8212; Placido Domingo hat seinen Vertrag als Direktor der Oper von Los Angeles bis 2019 verl\u00e4ngert. Der heute 73-J\u00e4hrige wurde 1984 k\u00fcnstlerischer Berater des Opernhauses, von 2001 bis 2003 k\u00fcnstlerischer Direktor und danach Generalmusikdirektor.<\/strong><\/span><\/p>\n<p><span style=\"font-family: arial,helvetica,sans-serif; font-size: small;\">\u00a0<\/span><\/p>\n<p><span style=\"font-family: arial,helvetica,sans-serif; font-size: small;\">Domingos Vertrag mit dem kalifornsichen Opernhaus wird im gegenseitigen Einverst\u00e4ndnis automatisch immer weiter verl\u00e4ngert.<\/span><\/p>\n<p><span style=\"font-family: arial,helvetica,sans-serif; font-size: small;\">\u00a0<\/span><\/p>\n<p><span style=\"font-family: arial,helvetica,sans-serif; font-size: small;\">Auch als S\u00e4nger ist Domingo noch aktiv. Allerdings musste er wegen einer akuten Infektion der Blase und der Atemwege mit sehr hohem Fieber Vorstellungen der diesj\u00e4hrigen Salzburger Festspiele absagen.\u00a0 <em>(cf)<\/em><\/span><\/p>\n","protected":false},"excerpt":{"rendered":"<p><span style=\"font-family: arial,helvetica,sans-serif; font-size: small;\">08.09.2014 &#8212; Placido Domingo hat seinen Vertrag als Direktor der Oper von Los Angeles bis 2019 verl\u00e4ngert. Der heute 73-J\u00e4hrige wurde 1984 k\u00fcnstlerischer Berater des Opernhauses, von 2001 bis 2003 k\u00fcnstlerischer Direktor und danach Generalmusikdirektor.<\/span><\/p>\n","protected":false},"author":1,"featured_media":0,"comment_status":"open","ping_status":"open","sticky":false,"template":"","format":"standard","meta":{"footnotes":""},"categories":[2],"tags":[],"class_list":["post-1697","post","type-post","status-publish","format-standard","hentry","category-nachrichten","entry"],"_links":{"self":[{"href":"https:\/\/codexflores.ch\/index.php\/wp-json\/wp\/v2\/posts\/1697","targetHints":{"allow":["GET"]}}],"collection":[{"href":"https:\/\/codexflores.ch\/index.php\/wp-json\/wp\/v2\/posts"}],"about":[{"href":"https:\/\/codexflores.ch\/index.php\/wp-json\/wp\/v2\/types\/post"}],"author":[{"embeddable":true,"href":"https:\/\/codexflores.ch\/index.php\/wp-json\/wp\/v2\/users\/1"}],"replies":[{"embeddable":true,"href":"https:\/\/codexflores.ch\/index.php\/wp-json\/wp\/v2\/comments?post=1697"}],"version-history":[{"count":0,"href":"https:\/\/codexflores.ch\/index.php\/wp-json\/wp\/v2\/posts\/1697\/revisions"}],"wp:attachment":[{"href":"https:\/\/codexflores.ch\/index.php\/wp-json\/wp\/v2\/media?parent=1697"}],"wp:term":[{"taxonomy":"category","embeddable":true,"href":"https:\/\/codexflores.ch\/index.php\/wp-json\/wp\/v2\/categories?post=1697"},{"taxonomy":"post_tag","embeddable":true,"href":"https:\/\/codexflores.ch\/index.php\/wp-json\/wp\/v2\/tags?post=1697"}],"curies":[{"name":"wp","href":"https:\/\/api.w.org\/{rel}","templated":true}]}}