{"id":1702,"date":"2014-09-09T06:52:27","date_gmt":"2014-09-09T06:52:27","guid":{"rendered":"https:\/\/codexflores.ch\/index.php\/2014\/09\/09\/alagna-kehrt-doch-nicht-an-die-scala-zurueck\/"},"modified":"2014-09-09T06:52:27","modified_gmt":"2014-09-09T06:52:27","slug":"alagna-kehrt-doch-nicht-an-die-scala-zurueck","status":"publish","type":"post","link":"https:\/\/codexflores.ch\/index.php\/2014\/09\/09\/alagna-kehrt-doch-nicht-an-die-scala-zurueck\/","title":{"rendered":"Alagna kehrt doch nicht an die Scala zur\u00fcck"},"content":{"rendered":"<p><span style=\"font-family: arial,helvetica,sans-serif; font-size: small;\">09.09.2014 &#8212; Alexander Pereira hat einiges unternommen, um den Tenor Roberto Alagna wieder an die Scala zur\u00fcckzubringen, von deren B\u00fchne dieser 2006 nach Buhs der Loggionisti w\u00fctend gest\u00fcrmt war. Er h\u00e4tte nun diese Saison mit Massenets <em>Werther<\/em> zur\u00fcckkehren sollen. Das tut er aber nicht.<\/span><\/p>\n<p><span style=\"font-family: arial,helvetica,sans-serif; font-size: small;\"><strong>09.09.2014 &#8212; Alexander Pereira hat einiges unternommen, um den Tenor Roberto Alagna wieder an die Scala zur\u00fcckzubringen, von deren B\u00fchne dieser 2006 nach Buhs der Loggionisti w\u00fctend gest\u00fcrmt war. Er h\u00e4tte nun diese Saison mit Massenets <em>Werther<\/em> zur\u00fcckkehren sollen. Das tut er aber nicht.<\/strong><\/span><\/p>\n<p><span style=\"font-family: arial,helvetica,sans-serif; font-size: small;\">\u00a0<\/span><\/p>\n<p><span style=\"font-family: arial,helvetica,sans-serif; font-size: small;\">Laut italienischen Presseberichten hat Alagna im Juli in Mailand prophylaktisch das Terrain sondiert und offenbar festgestellt, dass sich das Verhalten der Loggionisti, der ber\u00fchmt-ber\u00fcchtigten Puristen auf den billigen Pl\u00e4tzen des Opernhauses, nicht ge\u00e4ndert hat. Dem, so Alagna wolle und k\u00f6nne er sich nicht erneut aussetzen.<\/span><\/p>\n<p><span style=\"font-family: arial,helvetica,sans-serif; font-size: small;\">\u00a0<\/span><\/p>\n<p><span style=\"font-family: arial,helvetica,sans-serif; font-size: small;\">Zwar h\u00e4tten ihn sowohl die Mitarbeiter der Scala als auch die Loggionisti selber bei seinen Besuchen freundlich begr\u00fcsst. Das Verhalten letzterer w\u00e4hrend der Vorstellungen, die er besucht habe, sei aber genau so unbarmherzig gewesen, wie je. Alagnas Entscheid wird von Gino Vezzini, dem Pr\u00e4sidenten der Vereinigung Amici del Loggione, laut der italienischen Tageszeitung<em> La Repubblica<\/em> als \u00abkindisch\u00bb abgetan.<\/span><\/p>\n<p><span style=\"font-family: arial,helvetica,sans-serif; font-size: small;\"><em>\u00a0<\/em><\/span><\/p>\n<p><span style=\"font-family: arial,helvetica,sans-serif; font-size: small;\">Alagna ist allerdings nicht der einzige, der es vorzieht, um die Scala einen Bogen zu machen. Auch der polnische Tenor Piotr Beczala hat erkl\u00e4rt, werde wegen des Verhaltens des Publikums in Mailand, das auch schon mal Luciano Pavarotti oder Cecilia Bartoli ausgebuht hat, nicht mehr auftreten. <em> (cf)<\/em><\/span><\/p>\n","protected":false},"excerpt":{"rendered":"<p><span style=\"font-family: arial,helvetica,sans-serif; font-size: small;\">09.09.2014 &#8212; Alexander Pereira hat einiges unternommen, um den Tenor Roberto Alagna wieder an die Scala zur\u00fcckzubringen, von deren B\u00fchne dieser 2006 nach Buhs der Loggionisti w\u00fctend gest\u00fcrmt war. Er h\u00e4tte nun diese Saison mit Massenets <em>Werther<\/em> zur\u00fcckkehren sollen. Das tut er aber nicht.<\/span><\/p>\n","protected":false},"author":1,"featured_media":0,"comment_status":"open","ping_status":"open","sticky":false,"template":"","format":"standard","meta":{"footnotes":""},"categories":[2],"tags":[],"class_list":["post-1702","post","type-post","status-publish","format-standard","hentry","category-nachrichten","entry"],"_links":{"self":[{"href":"https:\/\/codexflores.ch\/index.php\/wp-json\/wp\/v2\/posts\/1702","targetHints":{"allow":["GET"]}}],"collection":[{"href":"https:\/\/codexflores.ch\/index.php\/wp-json\/wp\/v2\/posts"}],"about":[{"href":"https:\/\/codexflores.ch\/index.php\/wp-json\/wp\/v2\/types\/post"}],"author":[{"embeddable":true,"href":"https:\/\/codexflores.ch\/index.php\/wp-json\/wp\/v2\/users\/1"}],"replies":[{"embeddable":true,"href":"https:\/\/codexflores.ch\/index.php\/wp-json\/wp\/v2\/comments?post=1702"}],"version-history":[{"count":0,"href":"https:\/\/codexflores.ch\/index.php\/wp-json\/wp\/v2\/posts\/1702\/revisions"}],"wp:attachment":[{"href":"https:\/\/codexflores.ch\/index.php\/wp-json\/wp\/v2\/media?parent=1702"}],"wp:term":[{"taxonomy":"category","embeddable":true,"href":"https:\/\/codexflores.ch\/index.php\/wp-json\/wp\/v2\/categories?post=1702"},{"taxonomy":"post_tag","embeddable":true,"href":"https:\/\/codexflores.ch\/index.php\/wp-json\/wp\/v2\/tags?post=1702"}],"curies":[{"name":"wp","href":"https:\/\/api.w.org\/{rel}","templated":true}]}}