{"id":1703,"date":"2014-09-10T05:27:14","date_gmt":"2014-09-10T05:27:14","guid":{"rendered":"https:\/\/codexflores.ch\/index.php\/2014\/09\/10\/kremer-reagiert-auf-ukraine-konflikt\/"},"modified":"2014-09-10T05:27:14","modified_gmt":"2014-09-10T05:27:14","slug":"kremer-reagiert-auf-ukraine-konflikt","status":"publish","type":"post","link":"https:\/\/codexflores.ch\/index.php\/2014\/09\/10\/kremer-reagiert-auf-ukraine-konflikt\/","title":{"rendered":"Gidon Kremer reagiert auf Ukraine-Konflikt"},"content":{"rendered":"<p><span style=\"font-family: arial,helvetica,sans-serif; font-size: small;\">10.09.2014 &#8212; Mit Blick auf das aktuelle Geschehen im Russland-Ukraine-Konflikt hat sich der Geiger Gidon Kremer dazu entschieden, ein Programm mit der Kremerata Baltica in der Semperoper zu \u00e4ndern und damit ein Zeichen f\u00fcr eine offene russische Kultur zu setzen.<\/span><\/p>\n<p><span style=\"font-family: arial,helvetica,sans-serif; font-size: small;\"><strong>10.09.2014 &#8212; Mit Blick auf das aktuelle Geschehen im Russland-Ukraine-Konflikt hat sich der Geiger Gidon Kremer dazu entschieden, ein Programm mit der Kremerata Baltica in der Semperoper zu \u00e4ndern und damit ein Zeichen f\u00fcr eine offene russische Kultur zu setzen.<\/strong><\/span><\/p>\n<p><span style=\"font-family: arial,helvetica,sans-serif; font-size: small;\">\u00a0<\/span><\/p>\n<p><span style=\"font-family: arial,helvetica,sans-serif; font-size: small;\">Anstelle von \u00abAll about Gidon\u00bb, einer Art musikalischer Biografie, hat der aktuelle Capell-Virtuose der S\u00e4chsischen Staatskapelle Dresden nun ein Programm zusammengestellt, das den Titel tr\u00e4gt: \u00abGidon Kremer \u2013 Mein Russland\u00bb. Dieses Programm erlebt in der Semperoper am 18. September seine Premiere.<\/span><\/p>\n<p>\u00a0<\/p>\n<p><span style=\"font-family: arial,helvetica,sans-serif; font-size: small;\">Die aktuelle politische Situation in Russland und der Ukraine beunruhige ihn sehr, erkl\u00e4rt Kremer. Deshalb sei es mir ein besonderes Anliegen, ein Programm zusammenzustellen, das seine grosse Verbundenheit mit der russischen Kultur und Musik zum Ausdruck bringe, deren Werte er im heutigen Russland mehr als gef\u00e4hrdet sehe.<\/span><\/p>\n<p>\u00a0<\/p>\n<p><span style=\"font-family: arial,helvetica,sans-serif; font-size: small;\">Gemeinsam mit den Musikern der Kremerata Baltica wird Gidon Kremer Werke von Sofia Gubaidulina, Leonid Desyatnikov, Mieczys\u0142aw Weinberg und Alexander Raskatov musizieren. In der Mitte des Programms wird er sich in einem Gespr\u00e4chsblock auch pers\u00f6nlich an das Publikum wenden. Auch der Komponist Leonid Desyatnikov, der eigens aus St. Petersburg anreist, wird an diesem Gespr\u00e4ch teilnehmen. <em>(cf) <\/em><\/span><\/p>\n","protected":false},"excerpt":{"rendered":"<p><span style=\"font-family: arial,helvetica,sans-serif; font-size: small;\">10.09.2014 &#8212; Mit Blick auf das aktuelle Geschehen im Russland-Ukraine-Konflikt hat sich der Geiger Gidon Kremer dazu entschieden, ein Programm mit der Kremerata Baltica in der Semperoper zu \u00e4ndern und damit ein Zeichen f\u00fcr eine offene russische Kultur zu setzen.<\/span><\/p>\n","protected":false},"author":1,"featured_media":0,"comment_status":"open","ping_status":"open","sticky":false,"template":"","format":"standard","meta":{"footnotes":""},"categories":[2],"tags":[],"class_list":["post-1703","post","type-post","status-publish","format-standard","hentry","category-nachrichten","entry"],"_links":{"self":[{"href":"https:\/\/codexflores.ch\/index.php\/wp-json\/wp\/v2\/posts\/1703","targetHints":{"allow":["GET"]}}],"collection":[{"href":"https:\/\/codexflores.ch\/index.php\/wp-json\/wp\/v2\/posts"}],"about":[{"href":"https:\/\/codexflores.ch\/index.php\/wp-json\/wp\/v2\/types\/post"}],"author":[{"embeddable":true,"href":"https:\/\/codexflores.ch\/index.php\/wp-json\/wp\/v2\/users\/1"}],"replies":[{"embeddable":true,"href":"https:\/\/codexflores.ch\/index.php\/wp-json\/wp\/v2\/comments?post=1703"}],"version-history":[{"count":0,"href":"https:\/\/codexflores.ch\/index.php\/wp-json\/wp\/v2\/posts\/1703\/revisions"}],"wp:attachment":[{"href":"https:\/\/codexflores.ch\/index.php\/wp-json\/wp\/v2\/media?parent=1703"}],"wp:term":[{"taxonomy":"category","embeddable":true,"href":"https:\/\/codexflores.ch\/index.php\/wp-json\/wp\/v2\/categories?post=1703"},{"taxonomy":"post_tag","embeddable":true,"href":"https:\/\/codexflores.ch\/index.php\/wp-json\/wp\/v2\/tags?post=1703"}],"curies":[{"name":"wp","href":"https:\/\/api.w.org\/{rel}","templated":true}]}}