{"id":1704,"date":"2014-09-10T05:57:58","date_gmt":"2014-09-10T05:57:58","guid":{"rendered":"https:\/\/codexflores.ch\/index.php\/2014\/09\/10\/danish-national-chamber-orchestra-wird-aufgeloest\/"},"modified":"2014-09-10T05:57:58","modified_gmt":"2014-09-10T05:57:58","slug":"danish-national-chamber-orchestra-wird-aufgeloest","status":"publish","type":"post","link":"https:\/\/codexflores.ch\/index.php\/2014\/09\/10\/danish-national-chamber-orchestra-wird-aufgeloest\/","title":{"rendered":"Danish National Chamber Orchestra wird aufgel\u00f6st"},"content":{"rendered":"<p><span style=\"font-family: arial,helvetica,sans-serif; font-size: small;\">10.09.2014 &#8212; Nicht nur in Deutschland sind Radioorchester herausgefordert: In D\u00e4nemark l\u00f6st das staatliche Radio sein 75-j\u00e4hriges Kammerorchester auf, das mit Adam Fischer auch schon mal bemerkenswerte Mozart-Einspielungen vorgelegt hat.<\/span><\/p>\n<p><span style=\"font-family: arial,helvetica,sans-serif; font-size: small;\"><strong>10.09.2014 &#8212; Nicht nur in Deutschland sind Radioorchester herausgefordert: In D\u00e4nemark l\u00f6st das staatliche Radio sein 75-j\u00e4hriges Kammerorchester auf, das mit Adam Fischer auch schon mal bemerkenswerte Mozart-Einspielungen vorgelegt hat.<\/strong><\/span><\/p>\n<p>\u00a0<\/p>\n<p><span style=\"font-family: arial,helvetica,sans-serif; font-size: small;\">Die Aufl\u00f6sung hat finanzielle Gr\u00fcnde. Das Danish National Symphony Orchestra bleibt von den Sparmassnahmen unber\u00fchrt, was in den d\u00e4nischen Feuilletons zu Unmuts\u00e4usserungen gef\u00fchrt hat. Im Land gilt einigen Journalisten das Kammerorchester als das wendigere und innovativere Ensemble als das Sinfonieorchester, das soeben Fabio Luisi als k\u00fcnftigen Principal Conductor pr\u00e4sentiert hat.<\/span><\/p>\n<p>\u00a0<\/p>\n<p><span style=\"font-family: arial,helvetica,sans-serif; font-size: small;\">Der Unterhalt zweier Radio-Orchester in einem relativ kleinen Land war in Nordeuropa bislang einzigartig. Szenebeobachter hoffen nun, dass die frei werdenden Ressourcen in die St\u00e4rkung des verbleibenden gr\u00f6sseren Orchesters fliessen. Wie im Falle von Orchesterauifl\u00f6sungen oder -fusionen \u00fcblich ist eine Rettungsaktion lanciert worden. Sie findet sich auf Facebook unter <a href=\"http:\/\/www.facebook.com\/pages\/Bevar-DR-Underholdningsorkesteret\/824288120949860?fref=ts\" target=\"_blank\" rel=\"noopener noreferrer\">www.facebook.com\/pages\/Bevar-DR-Underholdningsorkesteret\/824288120949860?fref=ts<\/a>\u00a0\u00a0 <em>(cf)<\/em><\/span><\/p>\n<p>\u00a0<\/p>\n<p>\u00a0<\/p>\n","protected":false},"excerpt":{"rendered":"<p><span style=\"font-family: arial,helvetica,sans-serif; font-size: small;\">10.09.2014 &#8212; Nicht nur in Deutschland sind Radioorchester herausgefordert: In D\u00e4nemark l\u00f6st das staatliche Radio sein 75-j\u00e4hriges Kammerorchester auf, das mit Adam Fischer auch schon mal bemerkenswerte Mozart-Einspielungen vorgelegt hat.<\/span><\/p>\n","protected":false},"author":1,"featured_media":0,"comment_status":"open","ping_status":"open","sticky":false,"template":"","format":"standard","meta":{"footnotes":""},"categories":[2],"tags":[],"class_list":["post-1704","post","type-post","status-publish","format-standard","hentry","category-nachrichten","entry"],"_links":{"self":[{"href":"https:\/\/codexflores.ch\/index.php\/wp-json\/wp\/v2\/posts\/1704","targetHints":{"allow":["GET"]}}],"collection":[{"href":"https:\/\/codexflores.ch\/index.php\/wp-json\/wp\/v2\/posts"}],"about":[{"href":"https:\/\/codexflores.ch\/index.php\/wp-json\/wp\/v2\/types\/post"}],"author":[{"embeddable":true,"href":"https:\/\/codexflores.ch\/index.php\/wp-json\/wp\/v2\/users\/1"}],"replies":[{"embeddable":true,"href":"https:\/\/codexflores.ch\/index.php\/wp-json\/wp\/v2\/comments?post=1704"}],"version-history":[{"count":0,"href":"https:\/\/codexflores.ch\/index.php\/wp-json\/wp\/v2\/posts\/1704\/revisions"}],"wp:attachment":[{"href":"https:\/\/codexflores.ch\/index.php\/wp-json\/wp\/v2\/media?parent=1704"}],"wp:term":[{"taxonomy":"category","embeddable":true,"href":"https:\/\/codexflores.ch\/index.php\/wp-json\/wp\/v2\/categories?post=1704"},{"taxonomy":"post_tag","embeddable":true,"href":"https:\/\/codexflores.ch\/index.php\/wp-json\/wp\/v2\/tags?post=1704"}],"curies":[{"name":"wp","href":"https:\/\/api.w.org\/{rel}","templated":true}]}}