{"id":1706,"date":"2014-09-11T05:56:03","date_gmt":"2014-09-11T05:56:03","guid":{"rendered":"https:\/\/codexflores.ch\/index.php\/2014\/09\/11\/gruendung-eines-bundesverbandes-musikunterricht\/"},"modified":"2014-09-11T05:56:03","modified_gmt":"2014-09-11T05:56:03","slug":"gruendung-eines-bundesverbandes-musikunterricht","status":"publish","type":"post","link":"https:\/\/codexflores.ch\/index.php\/2014\/09\/11\/gruendung-eines-bundesverbandes-musikunterricht\/","title":{"rendered":"Gr\u00fcndung eines Bundesverbandes Musikunterricht"},"content":{"rendered":"<p><span style=\"font-family: arial,helvetica,sans-serif; font-size: small;\">11.09.2014 &#8212; Im Rahmen eines Bundeskongress Musikunterricht wird in Leipzig ein deutscher Bundesverband Musikunterricht gegr\u00fcndet, ein Fachverband f\u00fcr den Musikunterricht, in den der Arbeitskreis f\u00fcr Schulmusik (AfS) und der Verband deutscher Schulmusiker (VDS) zum Jahresende \u00fcbergehen werden.<\/span><\/p>\n<p><span style=\"font-family: arial,helvetica,sans-serif; font-size: small;\"><strong>11.09.2014 &#8212; Im Rahmen eines Bundeskongress Musikunterricht wird in Leipzig ein deutscher Bundesverband Musikunterricht gegr\u00fcndet, ein Fachverband f\u00fcr den Musikunterricht, in den der Arbeitskreis f\u00fcr Schulmusik (AfS) und der Verband deutscher Schulmusiker (VDS) zum Jahresende \u00fcbergehen werden.<\/strong><\/span><\/p>\n<p>\u00a0<\/p>\n<p><span style=\"font-family: arial,helvetica,sans-serif; font-size: small;\">Ein \u00ablanger Prozess der kollegialen Kooperation\u00bb zwischen AfS und VDS, der sowohl auf Landes- als auch auf Bundesebene von einer immer intensiveren Zusammenarbeit getragen wurde, f\u00fchrte 2012 zu einem ersten gemeinsam durchgef\u00fchrten Bundeskongress Musikunterricht in Weimar und gipfelt nun in dem Zusammenschluss.\u00a0<\/span><\/p>\n<p><span style=\"font-family: arial,helvetica,sans-serif; font-size: small;\">\u00a0<\/span><\/p>\n<p><span style=\"font-family: arial,helvetica,sans-serif; font-size: small;\">Der neue Verband wird <span style=\"font-family: arial,helvetica,sans-serif; font-size: small;\">\u00ab<\/span>musikp\u00e4dagogische Wettbewerbe ausrichten, Auszeichnungen verleihen und Publikationen herausgeben<span style=\"font-family: arial,helvetica,sans-serif; font-size: small;\">\u00bb<\/span> und sich f\u00fcr qualifizierte Aus- und Fortbildung der Musiklehrkr\u00e4fte einsetzen. Die St\u00e4rkung des Faches Musik und der Lehrenden, seine \u00f6ffentliche Sichtbarmachung und der Kontakt zur Bildungspolitik in den L\u00e4ndern, auf Bundesebene und mit europ\u00e4ischen Nachbarl\u00e4ndern soll <span style=\"font-family: arial,helvetica,sans-serif; font-size: small;\"><span style=\"font-family: arial,helvetica,sans-serif; font-size: small;\">\u00ab<\/span><\/span>mit einem schlagkr\u00e4ftigen, professionell aufgestellten und mitgliederstarken Verband noch besser als bisher gelingen<span style=\"font-family: arial,helvetica,sans-serif; font-size: small;\"><span style=\"font-family: arial,helvetica,sans-serif; font-size: small;\">\u00bb<\/span><\/span>. <em>(cf)<\/em><br \/><\/span><\/p>\n<p>\u00a0<\/p>\n","protected":false},"excerpt":{"rendered":"<p><span style=\"font-family: arial,helvetica,sans-serif; font-size: small;\">11.09.2014 &#8212; Im Rahmen eines Bundeskongress Musikunterricht wird in Leipzig ein deutscher Bundesverband Musikunterricht gegr\u00fcndet, ein Fachverband f\u00fcr den Musikunterricht, in den der Arbeitskreis f\u00fcr Schulmusik (AfS) und der Verband deutscher Schulmusiker (VDS) zum Jahresende \u00fcbergehen werden.<\/span><\/p>\n","protected":false},"author":1,"featured_media":0,"comment_status":"open","ping_status":"open","sticky":false,"template":"","format":"standard","meta":{"footnotes":""},"categories":[2],"tags":[],"class_list":["post-1706","post","type-post","status-publish","format-standard","hentry","category-nachrichten","entry"],"_links":{"self":[{"href":"https:\/\/codexflores.ch\/index.php\/wp-json\/wp\/v2\/posts\/1706","targetHints":{"allow":["GET"]}}],"collection":[{"href":"https:\/\/codexflores.ch\/index.php\/wp-json\/wp\/v2\/posts"}],"about":[{"href":"https:\/\/codexflores.ch\/index.php\/wp-json\/wp\/v2\/types\/post"}],"author":[{"embeddable":true,"href":"https:\/\/codexflores.ch\/index.php\/wp-json\/wp\/v2\/users\/1"}],"replies":[{"embeddable":true,"href":"https:\/\/codexflores.ch\/index.php\/wp-json\/wp\/v2\/comments?post=1706"}],"version-history":[{"count":0,"href":"https:\/\/codexflores.ch\/index.php\/wp-json\/wp\/v2\/posts\/1706\/revisions"}],"wp:attachment":[{"href":"https:\/\/codexflores.ch\/index.php\/wp-json\/wp\/v2\/media?parent=1706"}],"wp:term":[{"taxonomy":"category","embeddable":true,"href":"https:\/\/codexflores.ch\/index.php\/wp-json\/wp\/v2\/categories?post=1706"},{"taxonomy":"post_tag","embeddable":true,"href":"https:\/\/codexflores.ch\/index.php\/wp-json\/wp\/v2\/tags?post=1706"}],"curies":[{"name":"wp","href":"https:\/\/api.w.org\/{rel}","templated":true}]}}