{"id":1707,"date":"2014-09-11T06:03:36","date_gmt":"2014-09-11T06:03:36","guid":{"rendered":"https:\/\/codexflores.ch\/index.php\/2014\/09\/11\/kammerorchester-basel-mit-neuem-konzertformat\/"},"modified":"2014-09-11T06:03:36","modified_gmt":"2014-09-11T06:03:36","slug":"kammerorchester-basel-mit-neuem-konzertformat","status":"publish","type":"post","link":"https:\/\/codexflores.ch\/index.php\/2014\/09\/11\/kammerorchester-basel-mit-neuem-konzertformat\/","title":{"rendered":"Kammerorchester Basel mit neuem Konzertformat"},"content":{"rendered":"<p><span style=\"font-family: arial,helvetica,sans-serif; font-size: small;\">11.09.2014 &#8212; Das Kammerorchester Basel erm\u00f6glicht es dem Publikum, mit einem neuen Veranstaltungsformat Probenbesuch und Mittagessen zu verbinden. Die Reihe tr\u00e4gt den sinnigen Titel \u00abKostprobe\u00bb.<\/span><\/p>\n<p><span style=\"font-family: arial,helvetica,sans-serif; font-size: small;\"><strong>11.09.2014 &#8212; Das Kammerorchester Basel erm\u00f6glicht es dem Publikum, mit einem neuen Veranstaltungsformat Probenbesuch und Mittagessen zu verbinden. Die Reihe tr\u00e4gt den sinnigen Titel \u00abKostprobe\u00bb.<\/strong><\/span><\/p>\n<p>\u00a0<\/p>\n<p><span style=\"font-family: arial,helvetica,sans-serif; font-size: small;\">Eine musikalische Kostprobe dauert eine gute Dreiviertelstunde, danach ist das Publikum eingeladen, an der kulinarischen Kostprobe bei Br\u00f6tli und Suppe mit Musikerinnen und Musikern, Dirigent und Solisten ins Gespr\u00e4ch zu kommen.<\/span><\/p>\n<p>\u00a0<\/p>\n<p><span style=\"font-family: arial,helvetica,sans-serif; font-size: small;\">Zum ersten Mal \u00f6ffnet das Volkshaus Basel am 17. September 2014 seine T\u00fcren f\u00fcr interessierte Zuh\u00f6rerinnen und Zuh\u00f6rer. Hier k\u00f6nnen das Kammerorchester Basel, Rachel Harnisch (Sopran), Gerhild Romberger (Alt), Thomas Mohr (Tenor), Thomas E. Bauer (Bariton) und der MDR Rundfunkchor unter der Leitung von Giovanni Antonini bei der Probe von Beethovens neunten Sinfonie belauscht werden. <\/span><\/p>\n<p><span style=\"font-family: arial,helvetica,sans-serif; font-size: small;\">\u00a0<\/span><\/p>\n<p><span style=\"font-family: arial,helvetica,sans-serif; font-size: small;\">Tickets sind zum Preis von 30 Franken (inkl. Br\u00f6tli und Suppe) unter <a href=\"http:\/\/www.kulturticket.ch\" target=\"_blank\" rel=\"noopener noreferrer\">www.kulturticket.ch<\/a> und an der<br \/>Lunch-Kasse im Volkshaus Basel erh\u00e4ltlich. <em>(cf)<\/em> <\/span><\/p>\n<p>\u00a0<\/p>\n<p>\u00a0<\/p>\n","protected":false},"excerpt":{"rendered":"<p><span style=\"font-family: arial,helvetica,sans-serif; font-size: small;\">11.09.2014 &#8212; Das Kammerorchester Basel erm\u00f6glicht es dem Publikum, mit einem neuen Veranstaltungsformat Probenbesuch und Mittagessen zu verbinden. Die Reihe tr\u00e4gt den sinnigen Titel \u00abKostprobe\u00bb.<\/span><\/p>\n","protected":false},"author":1,"featured_media":0,"comment_status":"open","ping_status":"open","sticky":false,"template":"","format":"standard","meta":{"footnotes":""},"categories":[2],"tags":[],"class_list":["post-1707","post","type-post","status-publish","format-standard","hentry","category-nachrichten","entry"],"_links":{"self":[{"href":"https:\/\/codexflores.ch\/index.php\/wp-json\/wp\/v2\/posts\/1707","targetHints":{"allow":["GET"]}}],"collection":[{"href":"https:\/\/codexflores.ch\/index.php\/wp-json\/wp\/v2\/posts"}],"about":[{"href":"https:\/\/codexflores.ch\/index.php\/wp-json\/wp\/v2\/types\/post"}],"author":[{"embeddable":true,"href":"https:\/\/codexflores.ch\/index.php\/wp-json\/wp\/v2\/users\/1"}],"replies":[{"embeddable":true,"href":"https:\/\/codexflores.ch\/index.php\/wp-json\/wp\/v2\/comments?post=1707"}],"version-history":[{"count":0,"href":"https:\/\/codexflores.ch\/index.php\/wp-json\/wp\/v2\/posts\/1707\/revisions"}],"wp:attachment":[{"href":"https:\/\/codexflores.ch\/index.php\/wp-json\/wp\/v2\/media?parent=1707"}],"wp:term":[{"taxonomy":"category","embeddable":true,"href":"https:\/\/codexflores.ch\/index.php\/wp-json\/wp\/v2\/categories?post=1707"},{"taxonomy":"post_tag","embeddable":true,"href":"https:\/\/codexflores.ch\/index.php\/wp-json\/wp\/v2\/tags?post=1707"}],"curies":[{"name":"wp","href":"https:\/\/api.w.org\/{rel}","templated":true}]}}