{"id":1708,"date":"2014-09-11T08:27:24","date_gmt":"2014-09-11T08:27:24","guid":{"rendered":"https:\/\/codexflores.ch\/index.php\/2014\/09\/11\/la-cetra-barockorchester-mit-neuem-geschaeftsfuehrer\/"},"modified":"2014-09-11T08:27:24","modified_gmt":"2014-09-11T08:27:24","slug":"la-cetra-barockorchester-mit-neuem-geschaeftsfuehrer","status":"publish","type":"post","link":"https:\/\/codexflores.ch\/index.php\/2014\/09\/11\/la-cetra-barockorchester-mit-neuem-geschaeftsfuehrer\/","title":{"rendered":"La Cetra Barockorchester mit neuem Gesch\u00e4ftsf\u00fchrer"},"content":{"rendered":"<p><span style=\"font-family: arial,helvetica,sans-serif; font-size: small;\">11.09.2014 &#8212; Das seit 1999 t\u00e4tige La Cetra Barockorchester Basel hat Chandler Cudlipp zum Gesch\u00e4ftsf\u00fchrer ernannt. In der Schweiz war er bisher vor allem in Z\u00fcrich f\u00fcr verschiedene Ensembles t\u00e4tig.<\/span><\/p>\n<p><span style=\"font-family: arial,helvetica,sans-serif; font-size: small;\"><strong>11.09.2014 &#8212; Das seit 1999 t\u00e4tige La Cetra Barockorchester Basel hat Chandler Cudlipp zum Gesch\u00e4ftsf\u00fchrer ernannt. In der Schweiz war er bisher vor allem in Z\u00fcrich f\u00fcr verschiedene Ensembles t\u00e4tig.<\/strong><\/span><\/p>\n<p><span style=\"font-family: arial,helvetica,sans-serif; font-size: small;\">\u00a0<\/span><\/p>\n<p><span style=\"font-family: arial,helvetica,sans-serif; font-size: small;\">Cudlipp engagierte sich zuletzt als K\u00fcnstlerischer Leiter des Orchestre Philharmonique de Monte-Carlo. Des Weiteren war der geb\u00fcrtige Amerikaner f\u00fcr das Z\u00fcrcher Tonhalle Orchester, das Opernhaus Z\u00fcrich, das Z\u00fcrcher Kammerorchester, das Detroit Symphony Orchestra sowie das Symphonie Orchester des Bayerischen Rundfunks t\u00e4tig.<\/span><\/p>\n<p><span style=\"font-family: arial,helvetica,sans-serif; font-size: small;\">\u00a0<\/span><\/p>\n<p><span style=\"font-family: arial,helvetica,sans-serif; font-size: small;\">Das La Cetra Barockorchester Basel wurde 1999 gegr\u00fcndet und steht seit 2009 unter der k\u00fcnstlerischen Leitung von Andrea Marcon. Im Orchester spielen international profilierte Musiker, die mit der traditionellen Auff\u00fchrungspraxis vertraut sind. Das Repertoire reicht von klassischer Barockmusik bis hin zu klassischen Werken \u2013 von Bach und Monteverdi \u00fcber Haydn, Mozart und Beethoven.<em> (cf)<\/em><\/span><\/p>\n<p>\u00a0<\/p>\n","protected":false},"excerpt":{"rendered":"<p><span style=\"font-family: arial,helvetica,sans-serif; font-size: small;\">11.09.2014 &#8212; Das seit 1999 t\u00e4tige La Cetra Barockorchester Basel hat Chandler Cudlipp zum Gesch\u00e4ftsf\u00fchrer ernannt. In der Schweiz war er bisher vor allem in Z\u00fcrich f\u00fcr verschiedene Ensembles t\u00e4tig.<\/span><\/p>\n","protected":false},"author":1,"featured_media":0,"comment_status":"open","ping_status":"open","sticky":false,"template":"","format":"standard","meta":{"footnotes":""},"categories":[2],"tags":[],"class_list":["post-1708","post","type-post","status-publish","format-standard","hentry","category-nachrichten","entry"],"_links":{"self":[{"href":"https:\/\/codexflores.ch\/index.php\/wp-json\/wp\/v2\/posts\/1708","targetHints":{"allow":["GET"]}}],"collection":[{"href":"https:\/\/codexflores.ch\/index.php\/wp-json\/wp\/v2\/posts"}],"about":[{"href":"https:\/\/codexflores.ch\/index.php\/wp-json\/wp\/v2\/types\/post"}],"author":[{"embeddable":true,"href":"https:\/\/codexflores.ch\/index.php\/wp-json\/wp\/v2\/users\/1"}],"replies":[{"embeddable":true,"href":"https:\/\/codexflores.ch\/index.php\/wp-json\/wp\/v2\/comments?post=1708"}],"version-history":[{"count":0,"href":"https:\/\/codexflores.ch\/index.php\/wp-json\/wp\/v2\/posts\/1708\/revisions"}],"wp:attachment":[{"href":"https:\/\/codexflores.ch\/index.php\/wp-json\/wp\/v2\/media?parent=1708"}],"wp:term":[{"taxonomy":"category","embeddable":true,"href":"https:\/\/codexflores.ch\/index.php\/wp-json\/wp\/v2\/categories?post=1708"},{"taxonomy":"post_tag","embeddable":true,"href":"https:\/\/codexflores.ch\/index.php\/wp-json\/wp\/v2\/tags?post=1708"}],"curies":[{"name":"wp","href":"https:\/\/api.w.org\/{rel}","templated":true}]}}