{"id":1715,"date":"2014-09-15T06:03:13","date_gmt":"2014-09-15T06:03:13","guid":{"rendered":"https:\/\/codexflores.ch\/index.php\/2014\/09\/15\/bilanz-von-lucerne-festival-im-sommer-2014\/"},"modified":"2014-09-15T06:03:13","modified_gmt":"2014-09-15T06:03:13","slug":"bilanz-von-lucerne-festival-im-sommer-2014","status":"publish","type":"post","link":"https:\/\/codexflores.ch\/index.php\/2014\/09\/15\/bilanz-von-lucerne-festival-im-sommer-2014\/","title":{"rendered":"Bilanz von Lucerne Festival im Sommer 2014"},"content":{"rendered":"<p>15.09.2014 &#8212; Mit rund 80\u2019000 Eintritten und einer Rekord-Auslastung von 95 Prozent der Verkaufsveranstaltungen zieht Lucerne Festival im Sommer 2014 Bilanz. Bei den verkauften Konzerten waren mit 66\u2019500 Eintritten 1,8 Prozent mehr Kartenverk\u00e4ufe als im Vorjahr zu verzeichnen.<\/p>\n<p><strong>15.09.2014 &#8212; Mit rund 80\u2019000 Eintritten und einer Rekord-Auslastung von 95 Prozent der Verkaufsveranstaltungen zieht Lucerne Festival im Sommer 2014 Bilanz. Bei den verkauften Konzerten waren mit 66\u2019500 Eintritten 1,8 Prozent mehr Kartenverk\u00e4ufe als im Vorjahr zu verzeichnen.<\/strong><\/p>\n<p>\u00a0<\/p>\n<p>Rund 13\u2019500 Interessierte besuchten die 27 Gratis-Veranstaltungen. Hohe Nachfrage mit insgesamt rund 5000 Besuchern erhielt die Konzertreihe Lucerne Festival 40min im Luzerner Saal, ein Plus von rund 12 Prozent gegen\u00fcber dem Vorjahr. 20 der 56 Konzerte der grossen Verkaufsveranstaltungen waren ausverkauft, zus\u00e4tzlich verzeichneten 18 Konzerte laut den Veranstaltern eine Auslastung von 90 Prozent und mehr.<\/p>\n<p>\u00a0<\/p>\n<p>Aussenveranstaltungen wie \u00abZu Gast bei der Buvette\u00bb, das Public Viewing des Er\u00f6ffnungskonzerts auf dem Inseli oder das Festival \u00abIn den Strassen\u00bb waren witterungsbedingt mit 13\u2019500 Besuchern zum Teil weniger besucht als 2013. Die 8 Konzerte der Reihe \u00abModerne\u00bb waren zu 72 Prozent ausgelastet, die sieben Debut-Konzerte hochkar\u00e4tiger Nachwuchsk\u00fcnstler zu 93 Prozent. Insgesamt erklangen zehn Urauff\u00fchrungen zeitgen\u00f6ssischer Komponisten, darunter beispielweise auch ein neues Horn-Konzert von Wolfgang Rihm f\u00fcr den Solisten Stefan Dohr, das vom Mahler Chamber Orchestra unter der Leitung von Daniel Harding pr\u00e4sentiert wurde.<\/p>\n<p>\u00a0<\/p>\n<p>130 Studenten im Alter von 18 bis 32 Jahren aus aller Welt nahmen an der Lucerne Festival Academy teil, die in diesem Sommer von Sir Simon Rattle, Heinz Holliger und Matthias Pintscher geleitet wurde. H\u00f6hepunkte waren unter anderem das Konzert mit Luciano Berios Werk <em>Coro<\/em> unter der Leitung von Sir Simon Rattle im ausverkauften Konzertsaal des KKL Luzern, dort wirkten neben dem Academy-Orchester auch 40 Studenten einer dreiw\u00f6chigen Chor-Akademie mit.<\/p>\n<p>\u00a0<\/p>\n<p>Einmalig auch die Auff\u00fchrung des monumentalen Scardanelli-Zyklus von und mit Heinz Holliger am Pult, der ausserdem in einem Meisterkurs Dirigieren unterrichtete. Matthias Pintscher, der sich unter anderem Werken von Berio und Lachenmann sowie Mahlers Vierter Sinfonie widmete, ging im Anschluss an die Luzerner Arbeitsphase mit dem\u00a0Lucerne Festival Academy Ensemble auf Gastspielreise nach K\u00f6ln (8. September) und Gelsenkirchen (9. September).<\/p>\n<p>\u00a0<\/p>\n<p>Die 25 Familien- und Jugendkonzerte der Reihe \u00abYoung\u00bb waren mit insgesamt 81 Prozent Auslastung sehr gut besucht. Von den 25 Kinder- und Jugendkonzerten waren zehn Termine komplett ausgelastet. Die 22 Schulveranstaltungen besuchten insgesamt rund 2500 Sch\u00fclerinnen und Sch\u00fcler. Die erste Produktion des neuen Konzertformats Lucerne Festival Young Performance Hero\u00efca erklang in zwei Konzerten und geht auf Tournee nach St. Gallen (20. September), Lausanne (21. September) und Basel (27. September). <em>(cf)\u00a0<\/em><\/p>\n<p>\u00a0<\/p>\n","protected":false},"excerpt":{"rendered":"<p>15.09.2014 &#8212; Mit rund 80\u2019000 Eintritten und einer Rekord-Auslastung von 95 Prozent der Verkaufsveranstaltungen zieht Lucerne Festival im Sommer 2014 Bilanz. Bei den verkauften Konzerten waren mit 66\u2019500 Eintritten 1,8 Prozent mehr Kartenverk\u00e4ufe als im Vorjahr zu verzeichnen.<\/p>\n","protected":false},"author":1,"featured_media":0,"comment_status":"open","ping_status":"open","sticky":false,"template":"","format":"standard","meta":{"footnotes":""},"categories":[2],"tags":[],"class_list":["post-1715","post","type-post","status-publish","format-standard","hentry","category-nachrichten","entry"],"_links":{"self":[{"href":"https:\/\/codexflores.ch\/index.php\/wp-json\/wp\/v2\/posts\/1715","targetHints":{"allow":["GET"]}}],"collection":[{"href":"https:\/\/codexflores.ch\/index.php\/wp-json\/wp\/v2\/posts"}],"about":[{"href":"https:\/\/codexflores.ch\/index.php\/wp-json\/wp\/v2\/types\/post"}],"author":[{"embeddable":true,"href":"https:\/\/codexflores.ch\/index.php\/wp-json\/wp\/v2\/users\/1"}],"replies":[{"embeddable":true,"href":"https:\/\/codexflores.ch\/index.php\/wp-json\/wp\/v2\/comments?post=1715"}],"version-history":[{"count":0,"href":"https:\/\/codexflores.ch\/index.php\/wp-json\/wp\/v2\/posts\/1715\/revisions"}],"wp:attachment":[{"href":"https:\/\/codexflores.ch\/index.php\/wp-json\/wp\/v2\/media?parent=1715"}],"wp:term":[{"taxonomy":"category","embeddable":true,"href":"https:\/\/codexflores.ch\/index.php\/wp-json\/wp\/v2\/categories?post=1715"},{"taxonomy":"post_tag","embeddable":true,"href":"https:\/\/codexflores.ch\/index.php\/wp-json\/wp\/v2\/tags?post=1715"}],"curies":[{"name":"wp","href":"https:\/\/api.w.org\/{rel}","templated":true}]}}