{"id":1716,"date":"2014-09-15T06:12:55","date_gmt":"2014-09-15T06:12:55","guid":{"rendered":"https:\/\/codexflores.ch\/index.php\/2014\/09\/15\/preistraeger-des-ard-musikwettbewerbs-2014\/"},"modified":"2014-09-15T06:12:55","modified_gmt":"2014-09-15T06:12:55","slug":"preistraeger-des-ard-musikwettbewerbs-2014","status":"publish","type":"post","link":"https:\/\/codexflores.ch\/index.php\/2014\/09\/15\/preistraeger-des-ard-musikwettbewerbs-2014\/","title":{"rendered":"Preistr\u00e4ger des ARD-Musikwettbewerbs 2014"},"content":{"rendered":"<p>15.09.2014 &#8211;Die letzten Preistr\u00e4ger des 63. Internationalen Musikwettbewerbs der ARD stehen fest. Er wurde dieses Jahr in den Kategorien Klavier, Violoncello, Schlagzeug und Bl\u00e4serquintett ausgetragen. Insgesamt wurden zwei erste, vier zweite sowie sechs dritte Preise vergeben.<\/p>\n<p><strong>15.09.2014 &#8211;Die letzten Preistr\u00e4ger des 63. Internationalen Musikwettbewerbs der ARD stehen fest. Er wurde dieses Jahr in den Kategorien Klavier, Violoncello, Schlagzeug und Bl\u00e4serquintett ausgetragen. Insgesamt wurden zwei erste, vier zweite sowie sechs dritte Preise vergeben.<\/strong><\/p>\n<p>\u00a0<\/p>\n<p>Beim Finale im Fach Klavier im M\u00fcnchner Herkulessaal errang Chi Ho Han (22) aus S\u00fcdkorea den 2. Preis und wurde auch mit dem Publikumspreis ausgezeichnet. Kang-Un Kim (25), ebenfalls aus S\u00fcdkorea, und Florian Mitrea (24) aus Rum\u00e4nien erhielten jeweils einen 3. Preis. Beim Finale im Fach Bl\u00e4serquintett errang das Azahar Ensemble aus Spanien einen 2. Preis sowie den Publikumspreis. Jeweils ein 3. Preis gingen an das Acelga Quintett aus Deutschland und Luxemburg sowie an das Quintette Klarthe aus Frankreich.<\/p>\n<p>\u00a0<\/p>\n<p>Im Fach Schlagzeug erhielt Simone Rubino aus Italien den 1. Preis sowie den Publikumspreis. Den 2. Preis bekam Alexej Gerassimez aus Deutschland, und mit einem 3. Preis wurde Christoph Sietzen aus Luxemburg geehrt. Im Fach Violoncello \u00fcberzeugte Istv\u00e1n V\u00e1rdai aus Ungarn die Jury mit seiner Interpretation von Anton\u00edn Dvo\u0159\u00e1ks Cello-Konzert und errang den 1. Preis. Den 2. Preis bekam Andrei Ioni\u0163\u0103 aus Rum\u00e4nien. Der 3. Preis ging an den Franzosen Bruno Philippe, der sich auch \u00fcber den Publikumspreis freuen darf.<\/p>\n<p>\u00a0<\/p>\n<p>Insgesamt wurden nach einer Vorauswahl zum diesj\u00e4hrigen Wettbewerb 312 junge Instrumentalistinnen und Instrumentalisten sowie Ensembles aus 37 L\u00e4ndern eingeladen. Der Wettbewerb von 2015 wird in den Kategorien Gesang, Fl\u00f6te, Posaune, Klavierduo durchgef\u00fchrt, derjenige von 2016 in den Kategorien von Kontrabass, Harfe, Horn, Streichquartett. <em>(cf)\u00a0<\/em><\/p>\n<p>\u00a0<\/p>\n<p>\u00a0<\/p>\n","protected":false},"excerpt":{"rendered":"<p>15.09.2014 &#8211;Die letzten Preistr\u00e4ger des 63. Internationalen Musikwettbewerbs der ARD stehen fest. Er wurde dieses Jahr in den Kategorien Klavier, Violoncello, Schlagzeug und Bl\u00e4serquintett ausgetragen. Insgesamt wurden zwei erste, vier zweite sowie sechs dritte Preise vergeben.<\/p>\n","protected":false},"author":1,"featured_media":0,"comment_status":"open","ping_status":"open","sticky":false,"template":"","format":"standard","meta":{"footnotes":""},"categories":[2],"tags":[],"class_list":["post-1716","post","type-post","status-publish","format-standard","hentry","category-nachrichten","entry"],"_links":{"self":[{"href":"https:\/\/codexflores.ch\/index.php\/wp-json\/wp\/v2\/posts\/1716","targetHints":{"allow":["GET"]}}],"collection":[{"href":"https:\/\/codexflores.ch\/index.php\/wp-json\/wp\/v2\/posts"}],"about":[{"href":"https:\/\/codexflores.ch\/index.php\/wp-json\/wp\/v2\/types\/post"}],"author":[{"embeddable":true,"href":"https:\/\/codexflores.ch\/index.php\/wp-json\/wp\/v2\/users\/1"}],"replies":[{"embeddable":true,"href":"https:\/\/codexflores.ch\/index.php\/wp-json\/wp\/v2\/comments?post=1716"}],"version-history":[{"count":0,"href":"https:\/\/codexflores.ch\/index.php\/wp-json\/wp\/v2\/posts\/1716\/revisions"}],"wp:attachment":[{"href":"https:\/\/codexflores.ch\/index.php\/wp-json\/wp\/v2\/media?parent=1716"}],"wp:term":[{"taxonomy":"category","embeddable":true,"href":"https:\/\/codexflores.ch\/index.php\/wp-json\/wp\/v2\/categories?post=1716"},{"taxonomy":"post_tag","embeddable":true,"href":"https:\/\/codexflores.ch\/index.php\/wp-json\/wp\/v2\/tags?post=1716"}],"curies":[{"name":"wp","href":"https:\/\/api.w.org\/{rel}","templated":true}]}}