{"id":1718,"date":"2014-09-15T06:52:38","date_gmt":"2014-09-15T06:52:38","guid":{"rendered":"https:\/\/codexflores.ch\/index.php\/2014\/09\/15\/georges-pretre-sagt-konzerte-zu-seinem-90-geburtstag-ab\/"},"modified":"2014-09-15T06:52:38","modified_gmt":"2014-09-15T06:52:38","slug":"georges-pretre-sagt-konzerte-zu-seinem-90-geburtstag-ab","status":"publish","type":"post","link":"https:\/\/codexflores.ch\/index.php\/2014\/09\/15\/georges-pretre-sagt-konzerte-zu-seinem-90-geburtstag-ab\/","title":{"rendered":"Georges Pr\u00eatre sagt Konzerte zu seinem 90. Geburtstag ab"},"content":{"rendered":"<p><span style=\"font-family: arial,helvetica,sans-serif; font-size: small;\">15.09.2014 &#8212; Der Dirigent Georges Pr\u00eatre sagt bis Dezember alle Auftritte ab, darunter auch diejenigen zur Feier seines 90. Geburtstages. Er leidet nach wie vor an den Folgen eines Sturzes im Juni dieses Jahres.<\/span><\/p>\n<p><span style=\"font-family: arial,helvetica,sans-serif; font-size: small;\"><strong>15.09.2014 &#8212; Der Dirigent Georges Pr\u00eatre sagt bis Dezember alle Auftritte ab, darunter auch diejenigen zur Feier seines 90. Geburtstages. Er leidet nach wie vor an den Folgen eines Sturzes im Juni dieses Jahres.<\/strong><\/span><\/p>\n<p><span style=\"font-family: arial,helvetica,sans-serif; font-size: small;\">\u00a0<\/span><\/p>\n<p><span style=\"font-family: arial,helvetica,sans-serif; font-size: small;\">Den Entscheid hat Pr\u00eatre nach R\u00fccksprache mit seinen \u00c4rzten getroffen. Er woll eisch auf die Heilung und R\u00fcckgewinnung seiner Bewegungsfreiheit konzentrieren. Der Dirigent s\u00fcrtzte im Juni dieses Jahres und brach sich dabei ein Bein.<\/span><\/p>\n<p><span style=\"font-family: arial,helvetica,sans-serif; font-size: small;\">\u00a0<\/span><\/p>\n<p><span style=\"font-family: arial,helvetica,sans-serif; font-size: small;\">Georges Pr\u00eatre hat am Pariser Konservatorium studiert und war bis 1963 Chefdirigent der Pariser Oper. In diesen Jahren fand auch seine Zusammenarbeit mit der Mail\u00e4nder Scala und den gro\u00dfen amerikanischen Orchestern statt. 1966 wurde er zum Musikdirektor der Pariser Oper ernannt. Pretre ist auch Ehrendirigent des RSO Stuttgart, das er in zahlreichen Konzerten geleitet hat. Seit 2002 arbeitet er \u00fcberdies regelm\u00e4ssig mit der S\u00e4chsischen Staatskapelle Dresden zusammen.<em> (cf)<\/em> <\/span><\/p>\n<p><span style=\"font-family: arial,helvetica,sans-serif; font-size: small;\">\u00a0<\/span><\/p>\n","protected":false},"excerpt":{"rendered":"<p><span style=\"font-family: arial,helvetica,sans-serif; font-size: small;\">15.09.2014 &#8212; Der Dirigent Georges Pr\u00eatre sagt bis Dezember alle Auftritte ab, darunter auch diejenigen zur Feier seines 90. Geburtstages. Er leidet nach wie vor an den Folgen eines Sturzes im Juni dieses Jahres.<\/span><\/p>\n","protected":false},"author":1,"featured_media":0,"comment_status":"open","ping_status":"open","sticky":false,"template":"","format":"standard","meta":{"footnotes":""},"categories":[2],"tags":[],"class_list":["post-1718","post","type-post","status-publish","format-standard","hentry","category-nachrichten","entry"],"_links":{"self":[{"href":"https:\/\/codexflores.ch\/index.php\/wp-json\/wp\/v2\/posts\/1718","targetHints":{"allow":["GET"]}}],"collection":[{"href":"https:\/\/codexflores.ch\/index.php\/wp-json\/wp\/v2\/posts"}],"about":[{"href":"https:\/\/codexflores.ch\/index.php\/wp-json\/wp\/v2\/types\/post"}],"author":[{"embeddable":true,"href":"https:\/\/codexflores.ch\/index.php\/wp-json\/wp\/v2\/users\/1"}],"replies":[{"embeddable":true,"href":"https:\/\/codexflores.ch\/index.php\/wp-json\/wp\/v2\/comments?post=1718"}],"version-history":[{"count":0,"href":"https:\/\/codexflores.ch\/index.php\/wp-json\/wp\/v2\/posts\/1718\/revisions"}],"wp:attachment":[{"href":"https:\/\/codexflores.ch\/index.php\/wp-json\/wp\/v2\/media?parent=1718"}],"wp:term":[{"taxonomy":"category","embeddable":true,"href":"https:\/\/codexflores.ch\/index.php\/wp-json\/wp\/v2\/categories?post=1718"},{"taxonomy":"post_tag","embeddable":true,"href":"https:\/\/codexflores.ch\/index.php\/wp-json\/wp\/v2\/tags?post=1718"}],"curies":[{"name":"wp","href":"https:\/\/api.w.org\/{rel}","templated":true}]}}