{"id":1719,"date":"2014-09-15T09:23:37","date_gmt":"2014-09-15T09:23:37","guid":{"rendered":"https:\/\/codexflores.ch\/index.php\/2014\/09\/15\/das-orchester-heft-9-september-2014\/"},"modified":"2014-09-15T09:23:37","modified_gmt":"2014-09-15T09:23:37","slug":"das-orchester-heft-9-september-2014","status":"publish","type":"post","link":"https:\/\/codexflores.ch\/index.php\/2014\/09\/15\/das-orchester-heft-9-september-2014\/","title":{"rendered":"das Orchester Heft 9 (September 2014)"},"content":{"rendered":"<p><span style=\"font-family: arial,helvetica,sans-serif; font-size: small;\"><img decoding=\"async\" src=\"images\/zeitschriften_covers\/orch914.jpg\" border=\"0\" alt=\"Cover Zeitschrift\" style=\"float: left; margin: 4px;\" \/>Magazin f\u00fcr Musiker und Management<\/span><\/p>\n<p><span style=\"font-family: arial,helvetica,sans-serif; font-size: small;\"> Herausgegeben von Schott Music, Mainz<\/span><\/p>\n<p><span style=\"font-family: arial,helvetica,sans-serif; font-size: small;\"> <strong>Thema: Regionalverb\u00fcnde <\/strong><\/span><\/p>\n<p><span style=\"font-family: arial,helvetica,sans-serif; font-size: small;\"> Sven Scherz-Schade: <\/span><br \/><span style=\"font-family: arial,helvetica,sans-serif; font-size: small;\"> Verb\u00fcnde als Verb\u00fcndete. Netzwerke auch f\u00fcr Kultur: Regionalverb\u00fcnde und -verb\u00e4nde <\/span><\/p>\n<p><span style=\"font-family: arial,helvetica,sans-serif; font-size: small;\"> Christoph Schulte im Walde: <\/span><br \/><span style=\"font-family: arial,helvetica,sans-serif; font-size: small;\"> In die Fl\u00e4che und \u00fcber Grenzen. Zwei Regionalverb\u00fcnde mit unterschiedlichen Aufgaben <\/span><\/p>\n<p><span style=\"font-family: arial,helvetica,sans-serif; font-size: small;\"> Sven Scherz-Schade: <\/span><br \/><span style=\"font-family: arial,helvetica,sans-serif; font-size: small;\"> Identit\u00e4t und Tourismus st\u00e4rken. Gespr\u00e4ch mit Magdalena Hayes, Gesch\u00e4ftsf\u00fchrerin der KulturRegion Stuttgart <\/span><\/p>\n<p><span style=\"font-family: arial,helvetica,sans-serif; font-size: small;\"> Christoph Schulte im Walde: <\/span><br \/><span style=\"font-family: arial,helvetica,sans-serif; font-size: small;\"> Katalysator f\u00fcr Entwicklungsprozesse. Mannheim will den Unesco-Titel \u00abCity of Music\u00bb <\/span><\/p>\n<p><span style=\"font-family: arial,helvetica,sans-serif; font-size: small;\"> Sven Scherz-Schade: <\/span><br \/><span style=\"font-family: arial,helvetica,sans-serif; font-size: small;\"> Wirtschaftskreisl\u00e4ufe. Das Interesse der Wirtschaft an der Arbeit der Regionalverb\u00fcnde <\/span><\/p>\n<p><span style=\"font-family: arial,helvetica,sans-serif; font-size: small;\"> Christoph Schulte im Walde: <\/span><br \/><span style=\"font-family: arial,helvetica,sans-serif; font-size: small;\"> Aufsuchende Kulturf\u00f6rderung. Das Projekt \u00abCreate Music\u00bb bietet jungen Menschen fl\u00e4chendeckend Unterst\u00fctzung auf ihrem Weg in die professionelle Musikszene <\/span><\/p>\n<p><span style=\"font-family: arial,helvetica,sans-serif; font-size: small;\"> <strong>Musikbetrieb <\/strong> <\/span><\/p>\n<p><span style=\"font-family: arial,helvetica,sans-serif; font-size: small;\"> Marco Frei: <\/span><br \/><span style=\"font-family: arial,helvetica,sans-serif; font-size: small;\"> Gegen den Schnarchfaktor. Saisonbrosch\u00fcren von Orchestern: Wie beim Bayerischen Rundfunk neue Wege beschritten werden <\/span><\/p>\n<p><span style=\"font-family: arial,helvetica,sans-serif; font-size: small;\"> <strong>Portr\u00e4t <\/strong> <\/span><\/p>\n<p><span style=\"font-family: arial,helvetica,sans-serif; font-size: small;\"> Christoph Plass: <\/span><br \/><span style=\"font-family: arial,helvetica,sans-serif; font-size: small;\"> Raum f\u00fcr den Klang der Zukunft. Im d\u00e4nischen Aalborg ist ein exzellentes Konzerthaus entstanden <\/span><\/p>\n<p><span style=\"font-family: arial,helvetica,sans-serif; font-size: small;\"> <strong>Ausland <\/strong> <\/span><\/p>\n<p><span style=\"font-family: arial,helvetica,sans-serif; font-size: small;\"> Ulrich Ruhnke: <\/span><br \/><span style=\"font-family: arial,helvetica,sans-serif; font-size: small;\"> Kolumbus\u2019 Erben. Klassik in Kolumbien <\/span><\/p>\n<p><span style=\"font-family: arial,helvetica,sans-serif; font-size: small;\"> <strong>Im Weiteren<\/strong> <\/span><\/p>\n<p><span style=\"font-family: arial,helvetica,sans-serif; font-size: small;\"> Meldungen<\/span><br \/><span style=\"font-family: arial,helvetica,sans-serif; font-size: small;\"> Zwischent\u00f6ne<\/span><br \/><span style=\"font-family: arial,helvetica,sans-serif; font-size: small;\"> netzwerk junge ohren<\/span><br \/><span style=\"font-family: arial,helvetica,sans-serif; font-size: small;\"> on tour<\/span><br \/><span style=\"font-family: arial,helvetica,sans-serif; font-size: small;\"> Berichte<\/span><br \/><span style=\"font-family: arial,helvetica,sans-serif; font-size: small;\"> Rezensionen <\/span><\/p>\n","protected":false},"excerpt":{"rendered":"<p>Magazin f\u00fcr Musiker und Management Herausgegeben von Schott Music, Mainz Thema: Regionalverb\u00fcnde Sven Scherz-Schade: Verb\u00fcnde als Verb\u00fcndete. Netzwerke auch f\u00fcr&#8230;<\/p>\n","protected":false},"author":1,"featured_media":0,"comment_status":"open","ping_status":"open","sticky":false,"template":"","format":"standard","meta":{"footnotes":""},"categories":[10],"tags":[],"class_list":["post-1719","post","type-post","status-publish","format-standard","hentry","category-fachzeitschriften","entry"],"_links":{"self":[{"href":"https:\/\/codexflores.ch\/index.php\/wp-json\/wp\/v2\/posts\/1719","targetHints":{"allow":["GET"]}}],"collection":[{"href":"https:\/\/codexflores.ch\/index.php\/wp-json\/wp\/v2\/posts"}],"about":[{"href":"https:\/\/codexflores.ch\/index.php\/wp-json\/wp\/v2\/types\/post"}],"author":[{"embeddable":true,"href":"https:\/\/codexflores.ch\/index.php\/wp-json\/wp\/v2\/users\/1"}],"replies":[{"embeddable":true,"href":"https:\/\/codexflores.ch\/index.php\/wp-json\/wp\/v2\/comments?post=1719"}],"version-history":[{"count":0,"href":"https:\/\/codexflores.ch\/index.php\/wp-json\/wp\/v2\/posts\/1719\/revisions"}],"wp:attachment":[{"href":"https:\/\/codexflores.ch\/index.php\/wp-json\/wp\/v2\/media?parent=1719"}],"wp:term":[{"taxonomy":"category","embeddable":true,"href":"https:\/\/codexflores.ch\/index.php\/wp-json\/wp\/v2\/categories?post=1719"},{"taxonomy":"post_tag","embeddable":true,"href":"https:\/\/codexflores.ch\/index.php\/wp-json\/wp\/v2\/tags?post=1719"}],"curies":[{"name":"wp","href":"https:\/\/api.w.org\/{rel}","templated":true}]}}