{"id":1721,"date":"2014-09-16T06:41:33","date_gmt":"2014-09-16T06:41:33","guid":{"rendered":"https:\/\/codexflores.ch\/index.php\/2014\/09\/16\/montalbetti-verlaesst-orchestre-philharmonique-de-radio-france\/"},"modified":"2014-09-16T06:41:33","modified_gmt":"2014-09-16T06:41:33","slug":"montalbetti-verlaesst-orchestre-philharmonique-de-radio-france","status":"publish","type":"post","link":"https:\/\/codexflores.ch\/index.php\/2014\/09\/16\/montalbetti-verlaesst-orchestre-philharmonique-de-radio-france\/","title":{"rendered":"Montalbetti verl\u00e4sst Orchestre Philharmonique de Radio France"},"content":{"rendered":"<p><span style=\"font-family: arial,helvetica,sans-serif; font-size: small;\">16.09.2014 &#8212; Wie der Musikpublizist Norman Lebrecht vermeldet, hat Eric Montalbetti seinen Posten als k\u00fcnstlerischer Leiter des Orchestre Philharmonique de Radio France niedergelegt.<\/span><\/p>\n<p><span style=\"font-family: arial,helvetica,sans-serif; font-size: small;\"><strong>16.09.2014 &#8212; Wie der Musikpublizist Norman Lebrecht vermeldet, hat Eric Montalbetti seinen Posten als k\u00fcnstlerischer Leiter des Orchestre Philharmonique de Radio France niedergelegt.<\/strong><\/span><\/p>\n<p><span style=\"font-family: arial,helvetica,sans-serif; font-size: small;\">\u00a0<\/span><\/p>\n<p><span style=\"font-family: arial,helvetica,sans-serif; font-size: small;\">Montalbetti ist Absolvent des Institut d&#8217;\u00e9tudes politiques de Paris (Sciences Po) und war f\u00fcr das franz\u00f6sische Kulturministerium t\u00e4tig, wo er die Association Fran\u00e7aise des Orchestres ins Leben rief. K\u00fcnstlerischer Leiter des Orchestre Philharmonique de Radio France war er seit 1996.<\/span><\/p>\n<p><span style=\"font-family: arial,helvetica,sans-serif; font-size: small;\">\u00a0<\/span><\/p>\n<p><span style=\"font-family: arial,helvetica,sans-serif; font-size: small;\">Montalbetti studierte Klavier und Orgel, unter anderem bei Pierre Boulez, Robert Piencikowski und Andrew Gerszo am Ircam und am Coll\u00e8ge de France sowie bei Alain Bancquart und Paul M\u00e9fano am Conservatoire National Sup\u00e9rieur de Musique de Paris. 1990 war er Preistr\u00e4ger der Sacem und der Menuhin-Stiftung. <em>(cf)<\/em><\/span><\/p>\n","protected":false},"excerpt":{"rendered":"<p><span style=\"font-family: arial,helvetica,sans-serif; font-size: small;\">16.09.2014 &#8212; Wie der Musikpublizist Norman Lebrecht vermeldet, hat Eric Montalbetti seinen Posten als k\u00fcnstlerischer Leiter des Orchestre Philharmonique de Radio France niedergelegt.<\/span><\/p>\n","protected":false},"author":1,"featured_media":0,"comment_status":"open","ping_status":"open","sticky":false,"template":"","format":"standard","meta":{"footnotes":""},"categories":[2],"tags":[],"class_list":["post-1721","post","type-post","status-publish","format-standard","hentry","category-nachrichten","entry"],"_links":{"self":[{"href":"https:\/\/codexflores.ch\/index.php\/wp-json\/wp\/v2\/posts\/1721","targetHints":{"allow":["GET"]}}],"collection":[{"href":"https:\/\/codexflores.ch\/index.php\/wp-json\/wp\/v2\/posts"}],"about":[{"href":"https:\/\/codexflores.ch\/index.php\/wp-json\/wp\/v2\/types\/post"}],"author":[{"embeddable":true,"href":"https:\/\/codexflores.ch\/index.php\/wp-json\/wp\/v2\/users\/1"}],"replies":[{"embeddable":true,"href":"https:\/\/codexflores.ch\/index.php\/wp-json\/wp\/v2\/comments?post=1721"}],"version-history":[{"count":0,"href":"https:\/\/codexflores.ch\/index.php\/wp-json\/wp\/v2\/posts\/1721\/revisions"}],"wp:attachment":[{"href":"https:\/\/codexflores.ch\/index.php\/wp-json\/wp\/v2\/media?parent=1721"}],"wp:term":[{"taxonomy":"category","embeddable":true,"href":"https:\/\/codexflores.ch\/index.php\/wp-json\/wp\/v2\/categories?post=1721"},{"taxonomy":"post_tag","embeddable":true,"href":"https:\/\/codexflores.ch\/index.php\/wp-json\/wp\/v2\/tags?post=1721"}],"curies":[{"name":"wp","href":"https:\/\/api.w.org\/{rel}","templated":true}]}}