{"id":1725,"date":"2014-09-17T06:26:50","date_gmt":"2014-09-17T06:26:50","guid":{"rendered":"https:\/\/codexflores.ch\/index.php\/2014\/09\/17\/auch-betrand-d-billy-kehrt-staatsoper-den-ruecken\/"},"modified":"2014-09-17T06:26:50","modified_gmt":"2014-09-17T06:26:50","slug":"auch-betrand-d-billy-kehrt-staatsoper-den-ruecken","status":"publish","type":"post","link":"https:\/\/codexflores.ch\/index.php\/2014\/09\/17\/auch-betrand-d-billy-kehrt-staatsoper-den-ruecken\/","title":{"rendered":"Auch Betrand de Billy kehrt Staatsoper den R\u00fccken"},"content":{"rendered":"<p><span style=\"font-family: arial,helvetica,sans-serif; font-size: small;\">17.09.2014 &#8212; Nach dem abrupten Abgang von Franz Welser-M\u00f6st als Staatsopernmusikdirektor der Wiener Staatsoper muss diese einen zweiten R\u00fcckschlag hinnehmen: Auch der Dirigent Betrand de Billy weigert sich, k\u00fcnftig in dem Haus zu dirigieren \u2013 so lange Dominique Meyer dort Direktor ist \u2013, und legt bereits vorgesehene Eins\u00e4tze zur\u00fcck.<\/span><\/p>\n<p><span style=\"font-family: arial,helvetica,sans-serif; font-size: small;\"><strong>17.09.2014 &#8212; Nach dem abrupten Abgang von Franz Welser-M\u00f6st als Staatsopernmusikdirektor der Wiener Staatsoper muss diese einen zweiten R\u00fcckschlag hinnehmen: Auch der Dirigent Betrand de Billy weigert sich, k\u00fcnftig in dem Haus zu dirigieren \u2013 so lange Dominique Meyer dort Direktor ist \u2013, und legt bereits vorgesehene Eins\u00e4tze zur\u00fcck.<\/strong><\/span><\/p>\n<p><span style=\"font-family: arial,helvetica,sans-serif; font-size: small;\">\u00a0<\/span><\/p>\n<p><span style=\"font-family: arial,helvetica,sans-serif; font-size: small;\">Laut lokalen Pressemeldungen habe sich de Billy an der Staatsoper mit \u00abmit Unehrlichkeit und Illoyalit\u00e4t konfrontiert\u00bb gesehen. Er habe sich deshalb entschieden, \u00abdie Arbeit nicht mehr fortsetzen\u00bb. Namentlich zieht er sich unter anderem zur\u00fcck aus vier vorgesehenen <em>Fledermaus<\/em>-Vorstellungen in dieser Saison (inklusive der Silvester-Vorstellung) sowie <em>Manon<\/em>-Produktionen mit Diana Damrau in der darauffolgenden Saison.<\/span><\/p>\n<p><span style=\"font-family: arial,helvetica,sans-serif; font-size: small;\">\u00a0<\/span><\/p>\n<p><span style=\"font-family: arial,helvetica,sans-serif; font-size: small;\">Der Pariser Bertrand de Billy ist in Wien eine gewichtige Figur. Er war von 2002 bis 2010 Chefdirigent und k\u00fcnstlerischer Leiter des RSO Wien. Von 1996 bis 1998 war er erster Kapellmeister und stellvertretender GMD an der Wiener Volksoper. Auch mit\u00a0 dem Theater an der Wien, dem Wiener Musikverein und dem Wiener Konzerthaus verbindet ihn eine enge Zusammenarbeit. <em>(cf)<\/em><\/span><\/p>\n<p>\u00a0<\/p>\n","protected":false},"excerpt":{"rendered":"<p><span style=\"font-family: arial,helvetica,sans-serif; font-size: small;\">17.09.2014 &#8212; Nach dem abrupten Abgang von Franz Welser-M\u00f6st als Staatsopernmusikdirektor der Wiener Staatsoper muss diese einen zweiten R\u00fcckschlag hinnehmen: Auch der Dirigent Betrand de Billy weigert sich, k\u00fcnftig in dem Haus zu dirigieren \u2013 so lange Dominique Meyer dort Direktor ist \u2013, und legt bereits vorgesehene Eins\u00e4tze zur\u00fcck.<\/span><\/p>\n","protected":false},"author":1,"featured_media":0,"comment_status":"open","ping_status":"open","sticky":false,"template":"","format":"standard","meta":{"footnotes":""},"categories":[2],"tags":[],"class_list":["post-1725","post","type-post","status-publish","format-standard","hentry","category-nachrichten","entry"],"_links":{"self":[{"href":"https:\/\/codexflores.ch\/index.php\/wp-json\/wp\/v2\/posts\/1725","targetHints":{"allow":["GET"]}}],"collection":[{"href":"https:\/\/codexflores.ch\/index.php\/wp-json\/wp\/v2\/posts"}],"about":[{"href":"https:\/\/codexflores.ch\/index.php\/wp-json\/wp\/v2\/types\/post"}],"author":[{"embeddable":true,"href":"https:\/\/codexflores.ch\/index.php\/wp-json\/wp\/v2\/users\/1"}],"replies":[{"embeddable":true,"href":"https:\/\/codexflores.ch\/index.php\/wp-json\/wp\/v2\/comments?post=1725"}],"version-history":[{"count":0,"href":"https:\/\/codexflores.ch\/index.php\/wp-json\/wp\/v2\/posts\/1725\/revisions"}],"wp:attachment":[{"href":"https:\/\/codexflores.ch\/index.php\/wp-json\/wp\/v2\/media?parent=1725"}],"wp:term":[{"taxonomy":"category","embeddable":true,"href":"https:\/\/codexflores.ch\/index.php\/wp-json\/wp\/v2\/categories?post=1725"},{"taxonomy":"post_tag","embeddable":true,"href":"https:\/\/codexflores.ch\/index.php\/wp-json\/wp\/v2\/tags?post=1725"}],"curies":[{"name":"wp","href":"https:\/\/api.w.org\/{rel}","templated":true}]}}