{"id":1726,"date":"2014-09-17T09:53:59","date_gmt":"2014-09-17T09:53:59","guid":{"rendered":"https:\/\/codexflores.ch\/index.php\/2014\/09\/17\/basel-hat-ein-grenzen-sprengendes-musikfestival\/"},"modified":"2014-09-17T09:53:59","modified_gmt":"2014-09-17T09:53:59","slug":"basel-hat-ein-grenzen-sprengendes-musikfestival","status":"publish","type":"post","link":"https:\/\/codexflores.ch\/index.php\/2014\/09\/17\/basel-hat-ein-grenzen-sprengendes-musikfestival\/","title":{"rendered":"Basel hat ein Grenzen sprengendes Musikfestival"},"content":{"rendered":"<p>17.09.2014 &#8211;Basel hat ein neues, Grenzen sprengendes Musikfestival: \u00abKlangbasel\u00bb verbindet vom 18. bis 21. September hochkar\u00e4tige Singer\/Songwriter, Operns\u00e4nger, Mundartmusiker, Alphornquartette, klassische Kammermusikgruppen, DJs, Jazzensembles, Popbands, Sinfonieorchester, Rapper und elektronische Musik.<\/p>\n<p><strong>17.09.2014 &#8211;Basel hat ein neues, Grenzen sprengendes Musikfestival: \u00abKlangbasel\u00bb verbindet vom 18. bis 21. September hochkar\u00e4tige Singer\/Songwriter, Operns\u00e4nger, Mundartmusiker, Alphornquartette, klassische Kammermusikgruppe, DJs, Jazzensembles, Popbands, Sinfonieorchester, Rapper und elektronische Musik.<\/strong><\/p>\n<p>\u00a0<\/p>\n<p>Ziel von \u00abKlangbasel\u00bb ist es laut der Medienmitteilung, \u00abdie musikalische Vielfalt und Qualit\u00e4t zu b\u00fcndeln und den kulturellen Fokus f\u00fcr ein Wochenende auf ausgew\u00e4hlte Orte der Stadt zu legen und das grosse musikalische Potential der Stadt einem breiten Publikum zug\u00e4nglich zu machen\u00bb. Von der historischen Auff\u00fchrungspraxis Alter Musik bis hin zu Klangexperimenten der Basler DJ-Szene soll allen Stilen eine Plattform geboten werden.<\/p>\n<p>\u00a0<\/p>\n<p>Konzertiert wird sowohl mn privatem Wohnraum als auch an \u00f6ffentlichen Orten und Pl\u00e4tzen: Kunstschaffende \u00f6ffnen ihre Ateliers, Veranstalter ihre H\u00e4user, Hausbesitzer ihre Wohnzimmer und Restaurants ihre Gaststube f\u00fcr die Auff\u00fchrung von Musik. Neben Institutionen wie the bird\u2019s eye jazz club, der Musik Akademie oder dem Sinfonieorchester Basel beteiligen sich in Kleinbasel eingesessene Institutionen, die Kaserne Basel oder das Parterre, die es sich zur Aufgabe gemacht haben, f\u00fcr die musikalische Vielfalt des Quartiers zu sorgen. Daneben gilt es aber auch kleinere und einem breiten Publikum weniger bekannte Orte wie BauArt, Plattfon Record Store oder Taktil zu entdecken.<\/p>\n<p>\u00a0<\/p>\n<p>Ensembles treten dabei an Orten auf, an denen sie normalerweise nicht zu h\u00f6ren sind. So wird das Belcea Quartett am Samstag im Parterre ein Konzert geben \u2013 einem Ort, an dem normalerweise keine klassische Musik zu h\u00f6ren ist. Das Sinfonieorchester Basel tritt im Volkshaus auf, einem Ort, wo es zuletzt vor fast 20 Jahren aufgetreten ist. Ein weiteres Highlight ist das Konzert des Mondrian Ensembles im Innenhof und im Galeriesaal im Volkshaus.<\/p>\n<p>\u00a0<\/p>\n<p>Eine weitere Kooperation, die nur w\u00e4hrend \u00abKlangbasel\u00bb zu h\u00f6ren ist, ist das Konzert einer Ad-hoc-Band aus Basler Pop-Gr\u00f6ssen, die im Anschluss an die Auff\u00fchrung der <em>Planeten<\/em> von Gustav Holst mit dem Sinfonieorchester Basel Rock &#8211; und Popsongs unter dem Motto <em>Songs across the Universe<\/em> pr\u00e4sentieren.<em> (cf)\u00a0<\/em> <\/p>\n<p>\u00a0<\/p>\n<p><strong>Mehr Infos:<\/strong> <a href=\"http:\/\/www.klangbasel.ch\" target=\"_blank\" rel=\"noopener noreferrer\">www.klangbasel.ch<\/a><\/p>\n<p>\u00a0<\/p>\n<p>\u00a0<\/p>\n","protected":false},"excerpt":{"rendered":"<p>17.09.2014 &#8211;Basel hat ein neues, Grenzen sprengendes Musikfestival: \u00abKlangbasel\u00bb verbindet vom 18. bis 21. September hochkar\u00e4tige Singer\/Songwriter, Operns\u00e4nger, Mundartmusiker, Alphornquartette, klassische Kammermusikgruppen, DJs, Jazzensembles, Popbands, Sinfonieorchester, Rapper und elektronische Musik.<\/p>\n","protected":false},"author":1,"featured_media":0,"comment_status":"open","ping_status":"open","sticky":false,"template":"","format":"standard","meta":{"footnotes":""},"categories":[2],"tags":[],"class_list":["post-1726","post","type-post","status-publish","format-standard","hentry","category-nachrichten","entry"],"_links":{"self":[{"href":"https:\/\/codexflores.ch\/index.php\/wp-json\/wp\/v2\/posts\/1726","targetHints":{"allow":["GET"]}}],"collection":[{"href":"https:\/\/codexflores.ch\/index.php\/wp-json\/wp\/v2\/posts"}],"about":[{"href":"https:\/\/codexflores.ch\/index.php\/wp-json\/wp\/v2\/types\/post"}],"author":[{"embeddable":true,"href":"https:\/\/codexflores.ch\/index.php\/wp-json\/wp\/v2\/users\/1"}],"replies":[{"embeddable":true,"href":"https:\/\/codexflores.ch\/index.php\/wp-json\/wp\/v2\/comments?post=1726"}],"version-history":[{"count":0,"href":"https:\/\/codexflores.ch\/index.php\/wp-json\/wp\/v2\/posts\/1726\/revisions"}],"wp:attachment":[{"href":"https:\/\/codexflores.ch\/index.php\/wp-json\/wp\/v2\/media?parent=1726"}],"wp:term":[{"taxonomy":"category","embeddable":true,"href":"https:\/\/codexflores.ch\/index.php\/wp-json\/wp\/v2\/categories?post=1726"},{"taxonomy":"post_tag","embeddable":true,"href":"https:\/\/codexflores.ch\/index.php\/wp-json\/wp\/v2\/tags?post=1726"}],"curies":[{"name":"wp","href":"https:\/\/api.w.org\/{rel}","templated":true}]}}