{"id":1733,"date":"2014-09-20T06:22:20","date_gmt":"2014-09-20T06:22:20","guid":{"rendered":"https:\/\/codexflores.ch\/index.php\/2014\/09\/20\/treichler-erhaelt-ersten-schweizer-grand-prix-musik\/"},"modified":"2014-09-20T06:22:20","modified_gmt":"2014-09-20T06:22:20","slug":"treichler-erhaelt-ersten-schweizer-grand-prix-musik","status":"publish","type":"post","link":"https:\/\/codexflores.ch\/index.php\/2014\/09\/20\/treichler-erhaelt-ersten-schweizer-grand-prix-musik\/","title":{"rendered":"Treichler erh\u00e4lt ersten Schweizer Grand Prix Musik"},"content":{"rendered":"<p><span style=\"font-family: arial,helvetica,sans-serif; font-size: small;\">20.09.2014 &#8212; Im Opernhaus von Lausanne ist in Anwesenheit von Bundesrat Alain Berset zum ersten Mal der Schweizer Grand Prix Musik verliehen worden. Die mit 100&#8217;000 Franken hochdotierte Auszeichnung ist &#8211; auf Empfehlung der Eidgen\u00f6ssischen Jury f\u00fcr Musik &#8211; Franz Treichler, dem Gr\u00fcnder der Gruppe Young Gods, zugesprochen worden.<\/span><\/p>\n<p><span style=\"font-family: arial,helvetica,sans-serif; font-size: small;\"><strong>20.09.2014 &#8212; Im Opernhaus von Lausanne ist in Anwesenheit von Bundesrat Alain Berset zum ersten Mal der Schweizer Grand Prix Musik verliehen worden. Die mit 100&#8217;000 Franken hochdotierte Auszeichnung ist &#8211; auf Empfehlung der Eidgen\u00f6ssischen Jury f\u00fcr Musik &#8211; Franz Treichler, dem Gr\u00fcnder der Gruppe Young Gods, zugesprochen worden.<\/strong><\/span><\/p>\n<p>\u00a0<\/p>\n<p><span style=\"font-family: arial,helvetica,sans-serif; font-size: small;\">Nach \u00abrund 30 Jahren k\u00fcnstlerischem Schaffen und einer unerm\u00fcdlichen Suche nach neuen Erfahrungen\u00bb entwickle Treichler auch heute noch zahlreiche Projekte und arbeite dabei auch mit Kunstschaffenden aus anderen Kultursparten wie Tanz oder Film zusammen, heisst es in der Begr\u00fcndung.<\/span><\/p>\n<p>\u00a0<\/p>\n<p><span style=\"font-family: arial,helvetica,sans-serif; font-size: small;\">Eine vom BAK (Bundesamt f\u00fcr Kultur) mandatierte, aus sieben Mitgliedern zusammengesetzte Jury bestimmte f\u00fcr den Grand Prix Musik aus 41 vorgeschlagenen Musikschaffenden 15 Finalistinnen und Finalisten und designierte unter diesen schliesslich den Preistr\u00e4ger. Die Auszeichnung w\u00fcrdigt \u00abherausragendes, innovatives schweizerisches Musikschaffen und r\u00fcckt es ins Licht der nationalen und internationalen \u00d6ffentlichkeit\u00bb.<\/span><\/p>\n<p>\u00a0<\/p>\n<p><span style=\"font-family: arial,helvetica,sans-serif; font-size: small;\">Zwischen M\u00e4rz und September dieses Jahres kamen die 15 Nominierten f\u00fcr den Schweizer Grand Prix Musik in den Genuss von gezielten Promotionskampagnen. Dragos Tara aus Lausanne, Mama Rosin aus Genf, Franco Cesarini aus Melide, Corin Curschellas aus Rueun, die Berner Andreas Schaerer, Beat-man und Julian Sartorius, die Z\u00fcrcherin Ir\u00e8ne Schweizer und das ebenfalls aus Z\u00fcrich stammende Ensemble Steamboat Switzerland, Norbert M\u00f6slang aus St. Gallen, das Basler Ensemble Phoenix, Erika Stucky aus Thalwil, Hans Kennel aus Baar und Marcel Oetiker aus Altendorf erhalten ein Preisgeld von je 25 000 Franken. <em>(cf)<\/em><\/span><\/p>\n<p>\u00a0<\/p>\n","protected":false},"excerpt":{"rendered":"<p><span style=\"font-family: arial,helvetica,sans-serif; font-size: small;\">20.09.2014 &#8212; Im Opernhaus von Lausanne ist in Anwesenheit von Bundesrat Alain Berset zum ersten Mal der Schweizer Grand Prix Musik verliehen worden. Die mit 100&#8217;000 Franken hochdotierte Auszeichnung ist &#8211; auf Empfehlung der Eidgen\u00f6ssischen Jury f\u00fcr Musik &#8211; Franz Treichler, dem Gr\u00fcnder der Gruppe Young Gods, zugesprochen worden.<\/span><\/p>\n","protected":false},"author":1,"featured_media":0,"comment_status":"open","ping_status":"open","sticky":false,"template":"","format":"standard","meta":{"footnotes":""},"categories":[2],"tags":[],"class_list":["post-1733","post","type-post","status-publish","format-standard","hentry","category-nachrichten","entry"],"_links":{"self":[{"href":"https:\/\/codexflores.ch\/index.php\/wp-json\/wp\/v2\/posts\/1733","targetHints":{"allow":["GET"]}}],"collection":[{"href":"https:\/\/codexflores.ch\/index.php\/wp-json\/wp\/v2\/posts"}],"about":[{"href":"https:\/\/codexflores.ch\/index.php\/wp-json\/wp\/v2\/types\/post"}],"author":[{"embeddable":true,"href":"https:\/\/codexflores.ch\/index.php\/wp-json\/wp\/v2\/users\/1"}],"replies":[{"embeddable":true,"href":"https:\/\/codexflores.ch\/index.php\/wp-json\/wp\/v2\/comments?post=1733"}],"version-history":[{"count":0,"href":"https:\/\/codexflores.ch\/index.php\/wp-json\/wp\/v2\/posts\/1733\/revisions"}],"wp:attachment":[{"href":"https:\/\/codexflores.ch\/index.php\/wp-json\/wp\/v2\/media?parent=1733"}],"wp:term":[{"taxonomy":"category","embeddable":true,"href":"https:\/\/codexflores.ch\/index.php\/wp-json\/wp\/v2\/categories?post=1733"},{"taxonomy":"post_tag","embeddable":true,"href":"https:\/\/codexflores.ch\/index.php\/wp-json\/wp\/v2\/tags?post=1733"}],"curies":[{"name":"wp","href":"https:\/\/api.w.org\/{rel}","templated":true}]}}