{"id":1735,"date":"2014-09-22T05:44:39","date_gmt":"2014-09-22T05:44:39","guid":{"rendered":"https:\/\/codexflores.ch\/index.php\/2014\/09\/22\/festspiele-mecklenburg-vorpommern-mit-besucherrekord\/"},"modified":"2014-09-22T05:44:39","modified_gmt":"2014-09-22T05:44:39","slug":"festspiele-mecklenburg-vorpommern-mit-besucherrekord","status":"publish","type":"post","link":"https:\/\/codexflores.ch\/index.php\/2014\/09\/22\/festspiele-mecklenburg-vorpommern-mit-besucherrekord\/","title":{"rendered":"Festspiele Mecklenburg-Vorpommern mit Besucherrekord"},"content":{"rendered":"<p><span style=\"font-family: arial,helvetica,sans-serif; font-size: small;\">22.09.2014 &#8211;Mit rund 73&#8217;000 Besuchern haben die Festspiele Mecklenburg-Vorpommern einen Besucherrekord erzielt. Von den insgesamt 127 Veranstaltungen waren 104 ausverkauft, die Platzauslastung lag bei 92 Prozent.<\/span><\/p>\n<p><span style=\"font-family: arial,helvetica,sans-serif; font-size: small;\"><strong>22.09.2014 &#8211;Mit rund 73&#8217;000 Besuchern haben die Festspiele Mecklenburg-Vorpommern einen Besucherrekord erzielt. Von den insgesamt 127 Veranstaltungen waren 104 ausverkauft, die Platzauslastung lag bei 92 Prozent.<\/strong><\/span><\/p>\n<p><span style=\"font-family: arial,helvetica,sans-serif; font-size: small;\">\u00a0<\/span><\/p>\n<p><span style=\"font-family: arial,helvetica,sans-serif; font-size: small;\">Die 21 Konzerte mit dem Preistr\u00e4ger in Residence Igor Levit waren alle ausverkauft. Zu den Besuchermagneten mit jeweils mehreren tausend Besuchern geh\u00f6rten auch das Open Air <em>Spanische Nacht<\/em> unter anderem\u00a0 mit dem Gitarristen Milo\u0161 im Park von Schloss Bothmer in Kl\u00fctz, das Deb\u00fct der Berliner Philharmoniker unter der Leitung von Gustavo Dudamel bei den Festspielen Mecklenburg-Vorpommern auf dem Landgest\u00fct Redefin und das <em>Kleine Fest im grossen Park<\/em> in Ludwigslust, das in diesem Jahr mit insgesamt 18&#8217;000 Besuchern an beiden Abenden komplett ausgebucht war. \u00a0<\/span><\/p>\n<p><span style=\"font-family: arial,helvetica,sans-serif; font-size: small;\">\u00a0<\/span><\/p>\n<p><span style=\"font-family: arial,helvetica,sans-serif; font-size: small;\">Vom 20. Juni bis 19. September 2015 feiern die Festspiele Mecklenburg-Vorpommern ihr 25-j\u00e4hriges Bestehen. Beim Gala-Konzert in Ulrichshusen wird Christoph Eschenbach ein Orchester aus Festspielpreistr\u00e4gern \u2013 unter anderen Daniel M\u00fcller-Schott, Matthias Schorn, Alexej Gerassimez und Nils M\u00f6nkemeyer \u2013 und musikalischen Wegbegleitern leiten. Preistr\u00e4ger in Residence ist 2015 erstmalig ein Ensemble, n\u00e4mlich das franz\u00f6sische Streichquartett Quatuor Eb\u00e8ne.<em> (cf)<\/em><\/span><\/p>\n","protected":false},"excerpt":{"rendered":"<p><span style=\"font-family: arial,helvetica,sans-serif; font-size: small;\">22.09.2014 &#8211;Mit rund 73&#8217;000 Besuchern haben die Festspiele Mecklenburg-Vorpommern einen Besucherrekord erzielt. Von den insgesamt 127 Veranstaltungen waren 104 ausverkauft, die Platzauslastung lag bei 92 Prozent.<\/span><\/p>\n","protected":false},"author":1,"featured_media":0,"comment_status":"open","ping_status":"open","sticky":false,"template":"","format":"standard","meta":{"footnotes":""},"categories":[2],"tags":[],"class_list":["post-1735","post","type-post","status-publish","format-standard","hentry","category-nachrichten","entry"],"_links":{"self":[{"href":"https:\/\/codexflores.ch\/index.php\/wp-json\/wp\/v2\/posts\/1735","targetHints":{"allow":["GET"]}}],"collection":[{"href":"https:\/\/codexflores.ch\/index.php\/wp-json\/wp\/v2\/posts"}],"about":[{"href":"https:\/\/codexflores.ch\/index.php\/wp-json\/wp\/v2\/types\/post"}],"author":[{"embeddable":true,"href":"https:\/\/codexflores.ch\/index.php\/wp-json\/wp\/v2\/users\/1"}],"replies":[{"embeddable":true,"href":"https:\/\/codexflores.ch\/index.php\/wp-json\/wp\/v2\/comments?post=1735"}],"version-history":[{"count":0,"href":"https:\/\/codexflores.ch\/index.php\/wp-json\/wp\/v2\/posts\/1735\/revisions"}],"wp:attachment":[{"href":"https:\/\/codexflores.ch\/index.php\/wp-json\/wp\/v2\/media?parent=1735"}],"wp:term":[{"taxonomy":"category","embeddable":true,"href":"https:\/\/codexflores.ch\/index.php\/wp-json\/wp\/v2\/categories?post=1735"},{"taxonomy":"post_tag","embeddable":true,"href":"https:\/\/codexflores.ch\/index.php\/wp-json\/wp\/v2\/tags?post=1735"}],"curies":[{"name":"wp","href":"https:\/\/api.w.org\/{rel}","templated":true}]}}