{"id":1736,"date":"2014-09-22T05:54:14","date_gmt":"2014-09-22T05:54:14","guid":{"rendered":"https:\/\/codexflores.ch\/index.php\/2014\/09\/22\/bilanz-der-biennale-bern-2014\/"},"modified":"2014-09-22T05:54:14","modified_gmt":"2014-09-22T05:54:14","slug":"bilanz-der-biennale-bern-2014","status":"publish","type":"post","link":"https:\/\/codexflores.ch\/index.php\/2014\/09\/22\/bilanz-der-biennale-bern-2014\/","title":{"rendered":"Bilanz der Biennale Bern 2014"},"content":{"rendered":"<p><span style=\"font-family: arial,helvetica,sans-serif; font-size: small;\">22.09.2014 &#8212; Die diesj\u00e4hrige Biennale Bern z\u00e4hlte 4000 Eintritte zu 36 transdisziplin\u00e4ren Projekten, Veranstaltungen und Werken rund um das Festivalthema \u00abZwischen R\u00e4umen\u00bb. Eine Vielzahl der kleineren wie gr\u00f6sseren Veranstaltungen war ausverkauft, das Medienecho laut Veranstaltern erfreulich.<\/span><\/p>\n<p><span style=\"font-family: arial,helvetica,sans-serif; font-size: small;\"><strong>22.09.2014 &#8212; Die diesj\u00e4hrige Biennale Bern z\u00e4hlte 4000 Eintritte zu 36 transdisziplin\u00e4ren Projekten, Veranstaltungen und Werken rund um das Festivalthema \u00abZwischen R\u00e4umen\u00bb. Eine Vielzahl der kleineren wie gr\u00f6sseren Veranstaltungen war ausverkauft, das Medienecho laut Veranstaltern erfreulich.<\/strong><\/span><\/p>\n<p>\u00a0<\/p>\n<p><span style=\"font-family: arial,helvetica,sans-serif; font-size: small;\">8 Schweizer Erstauff\u00fchrungen und 4 Premierenwerke, die eigens f\u00fcr die Biennale entstanden sind, reflektierten Fragen nach dem Raum und seiner Nutzung auf kultureller wie auf gesellschaftspolitischer Ebene. Zentrales Anliegen der Biennale Bern ist es, bestehende formale und institutionelle Grenzen zu \u00fcberwinden, den Austausch zwischen Veranstaltern, Kunstschaffenden und Lehrinstitutionen zu f\u00f6rdern und Synergien zwischen den K\u00fcnsten und der Forschung kreativ zu nutzen. <\/span><\/p>\n<p>\u00a0<\/p>\n<p><span style=\"font-family: arial,helvetica,sans-serif; font-size: small;\">Der Prozess zu einer m\u00f6glichen Neuorganisation der Biennale und des Musikfestivals Bern ist in vollem Gange. Bis Anfang Oktober wird eine Analyse des Ist\u2010Zustands zuhanden der Abteilung Kulturelles der Stadt Bern vorliegen. Die Biennale Bern beteilige sich \u00abgerne an der ergebnisoffenen Diskussion zur Zukunft der beiden Berner Festivals\u00bb und sei \u00fcberzeugt, mit der erfolgreichen Ausgabe 2014 ein starkes kulturpolitisches Signal gesandt zu haben, heisst es in der Medienmitteilung. <em>(cf)<\/em><\/span><\/p>\n","protected":false},"excerpt":{"rendered":"<p><span style=\"font-family: arial,helvetica,sans-serif; font-size: small;\">22.09.2014 &#8212; Die diesj\u00e4hrige Biennale Bern z\u00e4hlte 4000 Eintritte zu 36 transdisziplin\u00e4ren Projekten, Veranstaltungen und Werken rund um das Festivalthema \u00abZwischen R\u00e4umen\u00bb. Eine Vielzahl der kleineren wie gr\u00f6sseren Veranstaltungen war ausverkauft, das Medienecho laut Veranstaltern erfreulich.<\/span><\/p>\n","protected":false},"author":1,"featured_media":0,"comment_status":"open","ping_status":"open","sticky":false,"template":"","format":"standard","meta":{"footnotes":""},"categories":[2],"tags":[],"class_list":["post-1736","post","type-post","status-publish","format-standard","hentry","category-nachrichten","entry"],"_links":{"self":[{"href":"https:\/\/codexflores.ch\/index.php\/wp-json\/wp\/v2\/posts\/1736","targetHints":{"allow":["GET"]}}],"collection":[{"href":"https:\/\/codexflores.ch\/index.php\/wp-json\/wp\/v2\/posts"}],"about":[{"href":"https:\/\/codexflores.ch\/index.php\/wp-json\/wp\/v2\/types\/post"}],"author":[{"embeddable":true,"href":"https:\/\/codexflores.ch\/index.php\/wp-json\/wp\/v2\/users\/1"}],"replies":[{"embeddable":true,"href":"https:\/\/codexflores.ch\/index.php\/wp-json\/wp\/v2\/comments?post=1736"}],"version-history":[{"count":0,"href":"https:\/\/codexflores.ch\/index.php\/wp-json\/wp\/v2\/posts\/1736\/revisions"}],"wp:attachment":[{"href":"https:\/\/codexflores.ch\/index.php\/wp-json\/wp\/v2\/media?parent=1736"}],"wp:term":[{"taxonomy":"category","embeddable":true,"href":"https:\/\/codexflores.ch\/index.php\/wp-json\/wp\/v2\/categories?post=1736"},{"taxonomy":"post_tag","embeddable":true,"href":"https:\/\/codexflores.ch\/index.php\/wp-json\/wp\/v2\/tags?post=1736"}],"curies":[{"name":"wp","href":"https:\/\/api.w.org\/{rel}","templated":true}]}}